{"id":4318,"date":"2019-05-16T15:45:28","date_gmt":"2019-05-16T15:45:28","guid":{"rendered":"http:\/\/www.radiopresidenteibanez.cl\/web\/?p=4318"},"modified":"2019-05-16T15:46:17","modified_gmt":"2019-05-16T15:46:17","slug":"un-auge-social-para-los-547-ninos-en-calle-por-paulo-egenau-director-social-del-hogar-de-cristo","status":"publish","type":"post","link":"https:\/\/www.radiopresidenteibanez.cl\/web\/un-auge-social-para-los-547-ninos-en-calle-por-paulo-egenau-director-social-del-hogar-de-cristo\/","title":{"rendered":"UN \u201cAUGE\u201d SOCIAL PARA LOS 547 NI\u00d1OS EN CALLE POR PAULO EGENAU, DIRECTOR SOCIAL DEL HOGAR DE CRISTO"},"content":{"rendered":"\n<p>Hace pocas semanas, los medios\nvolvieron a ocuparse de la manifestaci\u00f3n m\u00e1s cruda de la pobreza y el abandono;\nel ministerio de Desarrollo Social dio a conocer el \u201cConteo Nacional de Ni\u00f1os,\nNi\u00f1as y Adolescentes en Situaci\u00f3n de Calle\u201d, que desarroll\u00f3 la Universidad\nAlberto Hurtado. <\/p>\n\n\n\n<p>El n\u00famero resultante de \u201cni\u00f1os y\nadolescentes, entre 5 y 17 a\u00f1os 11 meses 29 d\u00edas de edad, que hayan pernoctado\nal menos una vez en el \u00faltimo a\u00f1o sin la compa\u00f1\u00eda de un adulto responsable en\nlugares p\u00fablicos o privados que no tienen las caracter\u00edsticas b\u00e1sicas de una\nvivienda aunque cumplan esa funci\u00f3n\u201d, fue de 547. <\/p>\n\n\n\n<p>Aunque son un&nbsp; grupo peque\u00f1o en cantidad, es muy complejo en\nsu intervenci\u00f3n y tratamiento y requiere de una diversidad de servicios\narticulados en torno a cada ni\u00f1a y ni\u00f1o. La experiencia de vivir en calle es\ndolorosa y queda grabada como un pasado -y en muchos casos- como un presente\ntraum\u00e1tico.<\/p>\n\n\n\n<p>El II Catastro de Personas en\nSituaci\u00f3n de Calle de 2011 contabiliz\u00f3 en 762 a los ni\u00f1os y adolescentes que\nsufren el sinhogarismo, m\u00e1s que la cifra entregada hace pocas semanas, pero\ncoherente, porque incluye a quienes est\u00e1n con sus padres en esa situaci\u00f3n. Ese\nmismo informe indica que la causa principal que conduce a los ni\u00f1os a la calle\nson problemas familiares, sin embargo, el 83,6% mantiene a\u00fan un contacto con la\nfamilia y el 51,7% vivi\u00f3\u0301 en una residencia para menores antes de comenzar su\nvida en calle. <\/p>\n\n\n\n<p>Esto se explica en la b\u00fasqueda de\ncari\u00f1o y contenci\u00f3n emocional que requieren y que s\u00f3lo sus familias pueden\ndar.&nbsp; Adem\u00e1s, revela que muchas de estas\ndificultades son susceptibles de ser revertidas, con apoyo terap\u00e9utico y&nbsp; social.&nbsp;\n<\/p>\n\n\n\n<p>Se requiere con urgencia de la Ley de Garant\u00edas de los Derechos de la Infancia. Una suerte de AUGE social de los ni\u00f1os, que aborde todas las m\u00faltiples vulneraciones que padecen y los acoja, cuide y repare sin excusas ni dilaciones.<\/p>\n\n\n\n<figure class=\"wp-block-image\"><img loading=\"lazy\" decoding=\"async\" width=\"900\" height=\"600\" src=\"https:\/\/www.radiopresidenteibanez.cl\/web\/wp-content\/uploads\/2019\/05\/Paulo-Egenau.jpg\" alt=\"\" class=\"wp-image-4319\" srcset=\"https:\/\/www.radiopresidenteibanez.cl\/web\/wp-content\/uploads\/2019\/05\/Paulo-Egenau.jpg 900w, https:\/\/www.radiopresidenteibanez.cl\/web\/wp-content\/uploads\/2019\/05\/Paulo-Egenau-300x200.jpg 300w, https:\/\/www.radiopresidenteibanez.cl\/web\/wp-content\/uploads\/2019\/05\/Paulo-Egenau-768x512.jpg 768w\" sizes=\"auto, (max-width: 900px) 100vw, 900px\" \/><figcaption>Paulo Egenau Director social nacional de la Fundaci\u00f3n Hogar de Cristo<\/figcaption><\/figure>\n","protected":false},"excerpt":{"rendered":"<p>Hace pocas semanas, los medios volvieron a ocuparse de la manifestaci\u00f3n m\u00e1s cruda de la pobreza y el abandono; el ministerio de Desarrollo Social dio a conocer el \u201cConteo Nacional&#8230; <a class=\"read-more\" href=\"https:\/\/www.radiopresidenteibanez.cl\/web\/un-auge-social-para-los-547-ninos-en-calle-por-paulo-egenau-director-social-del-hogar-de-cristo\/\">Leer m\u00e1s<\/a><\/p>\n","protected":false},"author":2,"featured_media":4319,"comment_status":"closed","ping_status":"closed","sticky":false,"template":"","format":"standard","meta":{"footnotes":""},"categories":[1],"tags":[],"class_list":["post-4318","post","type-post","status-publish","format-standard","has-post-thumbnail","hentry","category-cronica"],"_links":{"self":[{"href":"https:\/\/www.radiopresidenteibanez.cl\/web\/wp-json\/wp\/v2\/posts\/4318","targetHints":{"allow":["GET"]}}],"collection":[{"href":"https:\/\/www.radiopresidenteibanez.cl\/web\/wp-json\/wp\/v2\/posts"}],"about":[{"href":"https:\/\/www.radiopresidenteibanez.cl\/web\/wp-json\/wp\/v2\/types\/post"}],"author":[{"embeddable":true,"href":"https:\/\/www.radiopresidenteibanez.cl\/web\/wp-json\/wp\/v2\/users\/2"}],"replies":[{"embeddable":true,"href":"https:\/\/www.radiopresidenteibanez.cl\/web\/wp-json\/wp\/v2\/comments?post=4318"}],"version-history":[{"count":0,"href":"https:\/\/www.radiopresidenteibanez.cl\/web\/wp-json\/wp\/v2\/posts\/4318\/revisions"}],"wp:featuredmedia":[{"embeddable":true,"href":"https:\/\/www.radiopresidenteibanez.cl\/web\/wp-json\/wp\/v2\/media\/4319"}],"wp:attachment":[{"href":"https:\/\/www.radiopresidenteibanez.cl\/web\/wp-json\/wp\/v2\/media?parent=4318"}],"wp:term":[{"taxonomy":"category","embeddable":true,"href":"https:\/\/www.radiopresidenteibanez.cl\/web\/wp-json\/wp\/v2\/categories?post=4318"},{"taxonomy":"post_tag","embeddable":true,"href":"https:\/\/www.radiopresidenteibanez.cl\/web\/wp-json\/wp\/v2\/tags?post=4318"}],"curies":[{"name":"wp","href":"https:\/\/api.w.org\/{rel}","templated":true}]}}