{"id":43176,"date":"2023-10-05T15:21:00","date_gmt":"2023-10-05T18:21:00","guid":{"rendered":"https:\/\/www.radiopresidenteibanez.cl\/web\/?p=43176"},"modified":"2023-10-05T10:01:05","modified_gmt":"2023-10-05T13:01:05","slug":"saboreando-magallanes-un-rescate-del-patrimonio-gastronomicoregional","status":"publish","type":"post","link":"https:\/\/www.radiopresidenteibanez.cl\/web\/saboreando-magallanes-un-rescate-del-patrimonio-gastronomicoregional\/","title":{"rendered":"SABOREANDO MAGALLANES: UN RESCATE DEL PATRIMONIO GASTRON\u00d3MICOREGIONAL"},"content":{"rendered":"\n<p>Juanita Goic, cultora de la cocina croata; Carmen<br>Gloria Barrios, fundadora de la destiler\u00eda rural Naturalista y Enrique N\u00fa\u00f1ez, chef y docente<br>de Inacap y Liceo Polit\u00e9cnico Ra\u00fal Silva Henr\u00edquez, participaron del conversatorio sobre la<br>cocina tradicional de Magallanes y los desaf\u00edos para promoverla.<br>La cocina magall\u00e1nica es una mezcla de la alimentaci\u00f3n de los pueblos originarios, y las<br>tradiciones culinarias de chilotes e inmigrantes europeos que llegaron a Magallanes.<br>Muchos concuerdan que la influencia chilota es la m\u00e1s importante de nuestra cocina;<br>aunque, parad\u00f3jicamente, sus recetas se est\u00e1n cocinando cada vez menos: cholgas<br>secas, luche o cochayuyo, ya no son parte del men\u00fa semanal de los hogares<br>magall\u00e1nicos.<br>La p\u00e1gina web Saboreando Magallanes busca responder a qu\u00e9 entendemos por<br>gastronom\u00eda magall\u00e1nica y cu\u00e1les son sus or\u00edgenes; mientras que, al mismo tiempo, se<br>recopilan recetas tradicionales como la cazuela de luche y cordero, el curanto o la<br>castradina; y trabaja con restaurantes, cuyos platos se elaboran con productos<br>caracter\u00edsticos de la regi\u00f3n, como el cordero, guanaco, ruibarbo, calafate, ostiones o<br>centolla. \u201cEs as\u00ed como nos hemos encontrado con un mont\u00f3n de emprendedores que<br>est\u00e1n dando valor a materias primas un tanto olvidadas, como el guanaco o la paramela,<br>una planta nativa de la Patagonia. Hay muchas personas velando por promover nuestra<br>cocina, pero a\u00fan nos falta visibilizarla m\u00e1s y trabajar de manera colaborativa\u201d, coment\u00f3<br>Maryorie Low, encargada del proyecto.<br>La p\u00e1gina cuenta, adem\u00e1s, con otras tres secciones: datos para saborear Magallanes; un<br>blog con entrevistas a chefs y emprendedores, y un calendario de actividades que gira<br>alrededor de nuestra cocina. En las pr\u00f3ximas semanas se sumar\u00e1n otras dos secciones:<br>gastronom\u00eda rural, para conocer d\u00f3nde comer fuera de la ciudad, y cocteler\u00eda de autor con<br>productos regionales; una amplia gama que va mucha m\u00e1s all\u00e1 del apreciado pisco sour<br>calafate.<br>El proyecto es financiado por el Fondo Nacional de Desarrollo Cultural y las Artes,<br>FONDART Regional Magallanes y Ant\u00e1rtica Chilena (Convocatoria 2023), y continuar\u00e1 en<br>ejecuci\u00f3n durante los pr\u00f3ximos meses. \u00abValoramos este proyecto, porque es un aporte al<br>patrimonio culinario de la regi\u00f3n. Permitir\u00e1 no solo difundir y promover recetas que forman<br>parte de la historia familiar e identidad regional, sino que adem\u00e1s se convertir\u00e1 en un<br>dep\u00f3sito de saberes, tradiciones y la cultura que surge en torno a la pr\u00e1ctica de la<br>gastronom\u00eda. Invitamos a la comunidad a que visite este sitio y realice su colaboraci\u00f3n\u00bb,<br>se\u00f1al\u00f3 el seremi de las Culturas, las Artes y el Patrimonio, Diego Garc\u00eda.<br>Se puede acceder al sitio en www.saboreandomagallanes.com. Aquellos chefs, due\u00f1os de<br>restaurantes, cocineros y cultores, interesados en colaborar con recetas o difundir<br>acciones relacionadas, pueden escribir al correo saboreandomagallanes@gmail.com. La<\/p>\n\n\n\n<p>web es biling\u00fce (espa\u00f1ol e ingl\u00e9s), con la intenci\u00f3n de ser una gu\u00eda para turistas, y<br>accesible para personas no videntes o con problemas de visi\u00f3n.<\/p>\n","protected":false},"excerpt":{"rendered":"<p>Juanita Goic, cultora de la cocina croata; CarmenGloria Barrios, fundadora de la destiler\u00eda rural Naturalista y Enrique N\u00fa\u00f1ez, chef y docentede Inacap y Liceo Polit\u00e9cnico Ra\u00fal Silva Henr\u00edquez, participaron del&#8230; <a class=\"read-more\" href=\"https:\/\/www.radiopresidenteibanez.cl\/web\/saboreando-magallanes-un-rescate-del-patrimonio-gastronomicoregional\/\">Leer m\u00e1s<\/a><\/p>\n","protected":false},"author":2,"featured_media":43177,"comment_status":"closed","ping_status":"closed","sticky":false,"template":"","format":"standard","meta":{"footnotes":""},"categories":[1],"tags":[],"class_list":["post-43176","post","type-post","status-publish","format-standard","has-post-thumbnail","hentry","category-cronica"],"_links":{"self":[{"href":"https:\/\/www.radiopresidenteibanez.cl\/web\/wp-json\/wp\/v2\/posts\/43176","targetHints":{"allow":["GET"]}}],"collection":[{"href":"https:\/\/www.radiopresidenteibanez.cl\/web\/wp-json\/wp\/v2\/posts"}],"about":[{"href":"https:\/\/www.radiopresidenteibanez.cl\/web\/wp-json\/wp\/v2\/types\/post"}],"author":[{"embeddable":true,"href":"https:\/\/www.radiopresidenteibanez.cl\/web\/wp-json\/wp\/v2\/users\/2"}],"replies":[{"embeddable":true,"href":"https:\/\/www.radiopresidenteibanez.cl\/web\/wp-json\/wp\/v2\/comments?post=43176"}],"version-history":[{"count":0,"href":"https:\/\/www.radiopresidenteibanez.cl\/web\/wp-json\/wp\/v2\/posts\/43176\/revisions"}],"wp:featuredmedia":[{"embeddable":true,"href":"https:\/\/www.radiopresidenteibanez.cl\/web\/wp-json\/wp\/v2\/media\/43177"}],"wp:attachment":[{"href":"https:\/\/www.radiopresidenteibanez.cl\/web\/wp-json\/wp\/v2\/media?parent=43176"}],"wp:term":[{"taxonomy":"category","embeddable":true,"href":"https:\/\/www.radiopresidenteibanez.cl\/web\/wp-json\/wp\/v2\/categories?post=43176"},{"taxonomy":"post_tag","embeddable":true,"href":"https:\/\/www.radiopresidenteibanez.cl\/web\/wp-json\/wp\/v2\/tags?post=43176"}],"curies":[{"name":"wp","href":"https:\/\/api.w.org\/{rel}","templated":true}]}}