{"id":43152,"date":"2023-10-04T16:43:00","date_gmt":"2023-10-04T19:43:00","guid":{"rendered":"https:\/\/www.radiopresidenteibanez.cl\/web\/?p=43152"},"modified":"2023-10-04T15:28:22","modified_gmt":"2023-10-04T18:28:22","slug":"supereduc-orienta-sobre-normativa-y-resguardo-de-derechos-de-estudiantes-a-profesionales-del-slep-magallanes","status":"publish","type":"post","link":"https:\/\/www.radiopresidenteibanez.cl\/web\/supereduc-orienta-sobre-normativa-y-resguardo-de-derechos-de-estudiantes-a-profesionales-del-slep-magallanes\/","title":{"rendered":"SUPEREDUC ORIENTA SOBRE NORMATIVA Y RESGUARDO DE DERECHOS DE ESTUDIANTES A PROFESIONALES DEL SLEP MAGALLANES"},"content":{"rendered":"\n<p>En dependencias del Servicio Local de Educaci\u00f3n P\u00fablica de Magallanes, se realiz\u00f3 una capacitaci\u00f3n llevada a cabo por el director Regional (S) de la Supereduc, Ignacio Gallardo Trivi\u00f1o, en la cual particip\u00f3 el equipo de directivos y directivas del SLEP Magallanes<\/p>\n\n\n\n<p>En la oportunidad, Ignacio Gallardo dio a conocer, en detalle, el objetivo del Sistema Nacional de Aseguramiento de la Calidad de la Educaci\u00f3n&nbsp;(SAC),&nbsp;y el rol que cumple la Supereduc en esta instancia, que es contribuir al ejercicio del derecho a la educaci\u00f3n parvularia y escolar, principalmente mediante acciones de fiscalizaci\u00f3n del cumplimiento de la normativa educacional y del uso adecuado de los recursos.<\/p>\n\n\n\n<p>Adicionalmente, Ignacio Gallardo aclar\u00f3 que la Supereduc tambi\u00e9n gestiona denuncias y reclamos, y provee permanente informaci\u00f3n a la comunidad educativa, velando por el resguardo de los derechos y el cumplimiento de los deberes de los diferentes miembros de las comunidades educativas, y potenciado el buen trato y la buena convivencia al interior de \u00e9stas.<\/p>\n\n\n\n<p>\u00abFue una reuni\u00f3n positiva, porque hemos sentado las bases de un trabajo m\u00e1s colaborativo que permitir\u00e1 que el Servicio Local de Educaci\u00f3n P\u00fablica Magallanes cuente con toda la informaci\u00f3n sobre la labor de la Supereduc y pueda, como nuevo sostenedor, mantener buenas pr\u00e1cticas en los establecimientos educacionales en materias como la convivencia escolar\u00bb, se\u00f1al\u00f3 Ignacio Gallardo.<\/p>\n\n\n\n<p>En el encuentro estuvo presente el director ejecutivo del SLEP Magallanes, Mario Garc\u00eda Mart\u00ednez, junto a los subdirectores de Planificaci\u00f3n, Administraci\u00f3n y subdirectora de UATP.<\/p>\n\n\n\n<p>\u201cFue una muy buena capacitaci\u00f3n para renovar nuestro compromiso como servicio local para seguir apoyando las acciones que emprenda el Sistema SAC, en el cual tambi\u00e9n estamos participando. Nuestro compromiso es a seguir apoyando a ni\u00f1as, ni\u00f1os y adolescentes para que puedan acceder a las oportunidades fundamentales para su desarrollo, y avanzar hacia la configuraci\u00f3n de un sistema educacional m\u00e1s innovador, que beneficie a las comunidades educativas y escuelas con mayor necesidad de apoyo\u201d, relev\u00f3 el director ejecutivo del SLEP Magallanes.<\/p>\n\n\n\n<p>Posteriormente, la Superintendencia de Educaci\u00f3n&nbsp;capacit\u00f3 a funcionarios del \u00e1rea legal y de administraci\u00f3n del SLEP, respecto a normativa educacional, denuncias, rendici\u00f3n de cuentas, promoci\u00f3n y resguardo de derechos de las y los estudiantes, regulaciones normativas en convivencia escolar, gesti\u00f3n de conflictos y su impacto en la convivencia, transparencia financiera&nbsp;y procedimientos sancionatorios.&nbsp;<\/p>\n\n\n\n<p>El Sistema de Aseguramiento de la Calidad, SAC, se cre\u00f3 con el prop\u00f3sito de asegurar una educaci\u00f3n de calidad para todos los p\u00e1rvulos y estudiantes del pa\u00eds a lo largo de su trayectoria educativa, mediante la evaluaci\u00f3n, fiscalizaci\u00f3n, orientaci\u00f3n, apoyo y acompa\u00f1amiento constante a los establecimientos educacionales, concentrando los esfuerzos en el desarrollo de capacidades profesionales e institucionales que favorezcan situar al centro la formaci\u00f3n integral de los ni\u00f1os y estudiantes.<\/p>\n","protected":false},"excerpt":{"rendered":"<p>En dependencias del Servicio Local de Educaci\u00f3n P\u00fablica de Magallanes, se realiz\u00f3 una capacitaci\u00f3n llevada a cabo por el director Regional (S) de la Supereduc, Ignacio Gallardo Trivi\u00f1o, en la&#8230; <a class=\"read-more\" href=\"https:\/\/www.radiopresidenteibanez.cl\/web\/supereduc-orienta-sobre-normativa-y-resguardo-de-derechos-de-estudiantes-a-profesionales-del-slep-magallanes\/\">Leer m\u00e1s<\/a><\/p>\n","protected":false},"author":2,"featured_media":43153,"comment_status":"closed","ping_status":"closed","sticky":false,"template":"","format":"standard","meta":{"footnotes":""},"categories":[1],"tags":[],"class_list":["post-43152","post","type-post","status-publish","format-standard","has-post-thumbnail","hentry","category-cronica"],"_links":{"self":[{"href":"https:\/\/www.radiopresidenteibanez.cl\/web\/wp-json\/wp\/v2\/posts\/43152","targetHints":{"allow":["GET"]}}],"collection":[{"href":"https:\/\/www.radiopresidenteibanez.cl\/web\/wp-json\/wp\/v2\/posts"}],"about":[{"href":"https:\/\/www.radiopresidenteibanez.cl\/web\/wp-json\/wp\/v2\/types\/post"}],"author":[{"embeddable":true,"href":"https:\/\/www.radiopresidenteibanez.cl\/web\/wp-json\/wp\/v2\/users\/2"}],"replies":[{"embeddable":true,"href":"https:\/\/www.radiopresidenteibanez.cl\/web\/wp-json\/wp\/v2\/comments?post=43152"}],"version-history":[{"count":0,"href":"https:\/\/www.radiopresidenteibanez.cl\/web\/wp-json\/wp\/v2\/posts\/43152\/revisions"}],"wp:featuredmedia":[{"embeddable":true,"href":"https:\/\/www.radiopresidenteibanez.cl\/web\/wp-json\/wp\/v2\/media\/43153"}],"wp:attachment":[{"href":"https:\/\/www.radiopresidenteibanez.cl\/web\/wp-json\/wp\/v2\/media?parent=43152"}],"wp:term":[{"taxonomy":"category","embeddable":true,"href":"https:\/\/www.radiopresidenteibanez.cl\/web\/wp-json\/wp\/v2\/categories?post=43152"},{"taxonomy":"post_tag","embeddable":true,"href":"https:\/\/www.radiopresidenteibanez.cl\/web\/wp-json\/wp\/v2\/tags?post=43152"}],"curies":[{"name":"wp","href":"https:\/\/api.w.org\/{rel}","templated":true}]}}