{"id":43140,"date":"2023-10-04T11:32:00","date_gmt":"2023-10-04T14:32:00","guid":{"rendered":"https:\/\/www.radiopresidenteibanez.cl\/web\/?p=43140"},"modified":"2023-10-04T10:17:05","modified_gmt":"2023-10-04T13:17:05","slug":"consejeros-resaltan-trabajo-conjunto-desarrollado-en-la-propuesta-convenio-programacion-gore-mop-2023-2028","status":"publish","type":"post","link":"https:\/\/www.radiopresidenteibanez.cl\/web\/consejeros-resaltan-trabajo-conjunto-desarrollado-en-la-propuesta-convenio-programacion-gore-mop-2023-2028\/","title":{"rendered":"CONSEJEROS RESALTAN TRABAJO CONJUNTO DESARROLLADO EN LA PROPUESTA: CONVENIO PROGRAMACION GORE-MOP 2023-2028"},"content":{"rendered":"\n<p>Amplio proceso de an\u00e1lisis en conjunto se ha desarrollado entre el Consejo Regional y Seremi de<br>Obras P\u00fablicas, Jos\u00e9 Luis H., los distintos municipios, direcciones y expertos, sobre la cartelera de<br>proyectos que se estima estar\u00edan presentes en el nuevo convenio de programaci\u00f3n llamado:<br>\u2018\u2019Obras para conectar y dignificar Magallanes hacia el futuro\u2019\u2019.<br>La propuesta que a\u00fan sigue siendo analizada comprender\u00eda el periodo entre 2023- 2028,<br>abordando principalmente proyectos de conectividad territorial urbana e interurbana, tambi\u00e9n<br>referidos a la conectividad mar\u00edtima, hidr\u00e1ulica y a\u00e9rea, fortaleciendo los servicios de<br>infraestructura para el mejor desarrollo de las 4 provincias que comprenden la regi\u00f3n de<br>Magallanes.<br>Las demandas y necesidades que nacen desde la regi\u00f3n han aumentado en el tiempo, as\u00ed se ha<br>transparentado luego de diversas reuniones con los municipios, quienes han podido demostrar en<br>el estudio las problem\u00e1ticas que enfrentan las respectivas zonas.<br>Es propicio un nuevo convenio de programaci\u00f3n, as\u00ed como tambi\u00e9n generar las instancias para<br>poder trabajar colaborativamente con los entes involucrados, asegur\u00f3 el Consejero Pablo<br>Cifuentes V., vicepresidente de la Comisi\u00f3n Infraestructura, espacio donde ha sido estudiado en<br>detalle el borrador: \u2018\u2019el trabajo colaborativo que ha existido con el seremi de obras p\u00fablicas que ha<br>tenido una disposici\u00f3n de sentarse en las comisiones del consejo regional, de escuchar las distintas<br>necesidades y preocupaciones que emanan desde el consejo y tambi\u00e9n ha sido muy diligente en<br>proponer soluciones o proponer alternativas de trabajo que den respuesta a esas necesidades que<br>se han levantado desde ac\u00e1\u2019\u2019. Tambi\u00e9n enfatiz\u00f3 recalcando los beneficios del programa, hacia la<br>econom\u00eda regional: \u2018\u2019nos permite inyectar importantes recursos a la econom\u00eda regional a trav\u00e9s de<br>la creaci\u00f3n de puestos de trabajo, a trav\u00e9s de activar diferentes servicios lo cual nos parece una<br>excelente noticia\u2019\u2019.<br>El anhelado convenio asevera, contar\u00e1 con una cuantiosa suma de inversi\u00f3n p\u00fablica, y un periodo<br>cercano a los 7 a\u00f1os, se\u00f1al\u00f3 el Consejero Andr\u00e9s L\u00f3pez E., presidente de la Comisi\u00f3n<br>Infraestructura, Patrimonio y Desarrollo Territorial y qui\u00e9n tambi\u00e9n resalt\u00f3 la buena disposici\u00f3n<br>con la que se ha desarrollado el proceso, esperando que existan posibilidades de firmar<br>prontamente uno de los mejores convenios que hayan visto en el \u00faltimo tiempo.<br>Como ente fiscalizador el Consejo Regional tiene plazo hasta el 17 de octubre para pronunciarse<br>sobre la materia.<\/p>\n","protected":false},"excerpt":{"rendered":"<p>Amplio proceso de an\u00e1lisis en conjunto se ha desarrollado entre el Consejo Regional y Seremi deObras P\u00fablicas, Jos\u00e9 Luis H., los distintos municipios, direcciones y expertos, sobre la cartelera deproyectos&#8230; <a class=\"read-more\" href=\"https:\/\/www.radiopresidenteibanez.cl\/web\/consejeros-resaltan-trabajo-conjunto-desarrollado-en-la-propuesta-convenio-programacion-gore-mop-2023-2028\/\">Leer m\u00e1s<\/a><\/p>\n","protected":false},"author":2,"featured_media":43141,"comment_status":"closed","ping_status":"closed","sticky":false,"template":"","format":"standard","meta":{"footnotes":""},"categories":[1],"tags":[],"class_list":["post-43140","post","type-post","status-publish","format-standard","has-post-thumbnail","hentry","category-cronica"],"_links":{"self":[{"href":"https:\/\/www.radiopresidenteibanez.cl\/web\/wp-json\/wp\/v2\/posts\/43140","targetHints":{"allow":["GET"]}}],"collection":[{"href":"https:\/\/www.radiopresidenteibanez.cl\/web\/wp-json\/wp\/v2\/posts"}],"about":[{"href":"https:\/\/www.radiopresidenteibanez.cl\/web\/wp-json\/wp\/v2\/types\/post"}],"author":[{"embeddable":true,"href":"https:\/\/www.radiopresidenteibanez.cl\/web\/wp-json\/wp\/v2\/users\/2"}],"replies":[{"embeddable":true,"href":"https:\/\/www.radiopresidenteibanez.cl\/web\/wp-json\/wp\/v2\/comments?post=43140"}],"version-history":[{"count":0,"href":"https:\/\/www.radiopresidenteibanez.cl\/web\/wp-json\/wp\/v2\/posts\/43140\/revisions"}],"wp:featuredmedia":[{"embeddable":true,"href":"https:\/\/www.radiopresidenteibanez.cl\/web\/wp-json\/wp\/v2\/media\/43141"}],"wp:attachment":[{"href":"https:\/\/www.radiopresidenteibanez.cl\/web\/wp-json\/wp\/v2\/media?parent=43140"}],"wp:term":[{"taxonomy":"category","embeddable":true,"href":"https:\/\/www.radiopresidenteibanez.cl\/web\/wp-json\/wp\/v2\/categories?post=43140"},{"taxonomy":"post_tag","embeddable":true,"href":"https:\/\/www.radiopresidenteibanez.cl\/web\/wp-json\/wp\/v2\/tags?post=43140"}],"curies":[{"name":"wp","href":"https:\/\/api.w.org\/{rel}","templated":true}]}}