{"id":43123,"date":"2023-10-03T16:19:00","date_gmt":"2023-10-03T19:19:00","guid":{"rendered":"https:\/\/www.radiopresidenteibanez.cl\/web\/?p=43123"},"modified":"2023-10-03T13:13:56","modified_gmt":"2023-10-03T16:13:56","slug":"villa-tehuelches-renueva-sus-grupos-electrogenos-para-suministro-electrico","status":"publish","type":"post","link":"https:\/\/www.radiopresidenteibanez.cl\/web\/villa-tehuelches-renueva-sus-grupos-electrogenos-para-suministro-electrico\/","title":{"rendered":"VILLA TEHUELCHES RENUEVA SUS GRUPOS ELECTROGENOS PARA SUMINISTRO ELECTRICO"},"content":{"rendered":"\n<p>Con la reposici\u00f3n de dos grupos electr\u00f3genos se vio favorecida la localidad de Villa Tehuelche en Laguna Blanca que, a partir de ahora, contar\u00e1 con un renovado equipo de 200 KVA y un tablero de transferencia autom\u00e1tico para el suministro el\u00e9ctrico de la zona gracias al financiamiento del Gobierno Regional de Magallanes y de la Ant\u00e1rtica Chilena.<\/p>\n\n\n\n<p>\u201cEstamos muy contentos de poder cumplir este compromiso. Uno de los elementos fundamentales que nos manifest\u00f3 la comuna al inicio de nuestra gesti\u00f3n fue poder renovar su generaci\u00f3n el\u00e9ctrica. Con este proyecto pudimos cambiar a un motor a gas natural reduciendo la contaminaci\u00f3n y el costo de operaci\u00f3n\u201d destac\u00f3 el Gobernador Jorge Flies.<\/p>\n\n\n\n<p>En la misma l\u00ednea, Mat\u00edas P\u00e9rez, Presidente de Empresas GASCO S.A, declar\u00f3 que \u201ces un orgullo esta colaboraci\u00f3n p\u00fablico-privada donde estamos implementando estos motores a base de gas natural. Es una satisfacci\u00f3n inmensa para nosotros beneficiar a la poblaci\u00f3n de Magallanes\u201d.<\/p>\n\n\n\n<p>Actualmente, el grupo electr\u00f3geno tiene una data de ocho a\u00f1os operando alrededor de las 24 horas diarias alternadamente durante todo el a\u00f1o por lo cual presentan un importante deterioro que se ve reflejado en la interrupci\u00f3n espor\u00e1dica del suministro.<\/p>\n\n\n\n<p>Ahora con los equipos nuevos los habitantes de la villa ver\u00e1n una mejora en su calidad de vida permiti\u00e9ndole ocupar sus equipos el\u00e9ctricos sin riesgo de sufrir una interrupci\u00f3n.<\/p>\n\n\n\n<p>\u201cUno de nuestros compromisos era resolver el tema de los servicios b\u00e1sicos y hoy estamos cumpliendo. El recambio de los generadores nos ayudar\u00e1 econ\u00f3micamente como municipio lo que nos permitir\u00e1 invertir en otras \u00e1reas\u201d coment\u00f3 el alcalde de Laguna Blanca, Fernando Ojeda.<\/p>\n\n\n\n<p>La Unidad T\u00e9cnica de la iniciativa fue la Divisi\u00f3n de Infraestructura y Transporte del Gobierno Regional, tuvo un costo superior a los 286 millones de pesos y beneficiar\u00e1 a las m\u00e1s de 50 familias que viven en Villa Tehuelches. &nbsp;<\/p>\n","protected":false},"excerpt":{"rendered":"<p>Con la reposici\u00f3n de dos grupos electr\u00f3genos se vio favorecida la localidad de Villa Tehuelche en Laguna Blanca que, a partir de ahora, contar\u00e1 con un renovado equipo de 200&#8230; <a class=\"read-more\" href=\"https:\/\/www.radiopresidenteibanez.cl\/web\/villa-tehuelches-renueva-sus-grupos-electrogenos-para-suministro-electrico\/\">Leer m\u00e1s<\/a><\/p>\n","protected":false},"author":2,"featured_media":43124,"comment_status":"closed","ping_status":"closed","sticky":false,"template":"","format":"standard","meta":{"footnotes":""},"categories":[1],"tags":[],"class_list":["post-43123","post","type-post","status-publish","format-standard","has-post-thumbnail","hentry","category-cronica"],"_links":{"self":[{"href":"https:\/\/www.radiopresidenteibanez.cl\/web\/wp-json\/wp\/v2\/posts\/43123","targetHints":{"allow":["GET"]}}],"collection":[{"href":"https:\/\/www.radiopresidenteibanez.cl\/web\/wp-json\/wp\/v2\/posts"}],"about":[{"href":"https:\/\/www.radiopresidenteibanez.cl\/web\/wp-json\/wp\/v2\/types\/post"}],"author":[{"embeddable":true,"href":"https:\/\/www.radiopresidenteibanez.cl\/web\/wp-json\/wp\/v2\/users\/2"}],"replies":[{"embeddable":true,"href":"https:\/\/www.radiopresidenteibanez.cl\/web\/wp-json\/wp\/v2\/comments?post=43123"}],"version-history":[{"count":0,"href":"https:\/\/www.radiopresidenteibanez.cl\/web\/wp-json\/wp\/v2\/posts\/43123\/revisions"}],"wp:featuredmedia":[{"embeddable":true,"href":"https:\/\/www.radiopresidenteibanez.cl\/web\/wp-json\/wp\/v2\/media\/43124"}],"wp:attachment":[{"href":"https:\/\/www.radiopresidenteibanez.cl\/web\/wp-json\/wp\/v2\/media?parent=43123"}],"wp:term":[{"taxonomy":"category","embeddable":true,"href":"https:\/\/www.radiopresidenteibanez.cl\/web\/wp-json\/wp\/v2\/categories?post=43123"},{"taxonomy":"post_tag","embeddable":true,"href":"https:\/\/www.radiopresidenteibanez.cl\/web\/wp-json\/wp\/v2\/tags?post=43123"}],"curies":[{"name":"wp","href":"https:\/\/api.w.org\/{rel}","templated":true}]}}