{"id":43113,"date":"2023-10-03T12:03:00","date_gmt":"2023-10-03T15:03:00","guid":{"rendered":"https:\/\/www.radiopresidenteibanez.cl\/web\/?p=43113"},"modified":"2023-10-03T08:41:56","modified_gmt":"2023-10-03T11:41:56","slug":"este-fin-de-semana-se-realiza-segunda-version-de-actvidad-intersectorial-cuerpomente-y-movimiento","status":"publish","type":"post","link":"https:\/\/www.radiopresidenteibanez.cl\/web\/este-fin-de-semana-se-realiza-segunda-version-de-actvidad-intersectorial-cuerpomente-y-movimiento\/","title":{"rendered":"ESTE FIN DE SEMANA SE REALIZA SEGUNDA VERSI\u00d3N DE ACTVIDAD INTERSECTORIAL \u201cCUERPO,MENTE Y MOVIMIENTO\u201d"},"content":{"rendered":"\n<p>Este s\u00e1bado 7 de octubre se realizar\u00e1 por segundo a\u00f1o consecutivo la actividad recreativa \u201cCuerpo,<br>Mente y Movimiento\u201d, jornada intersectorial encabezada por la SEREMI de Salud, Mindep, IND, Seremi<br>Educaci\u00f3n, Seremi de Desarrollo Social, INJUV y la Delegaci\u00f3n Presidencial Regional a trav\u00e9s de<br>Gobierno en Terreno.<br>La Seremi de Salud, Francisca Sanfuentes, explic\u00f3 que \u201cen el contexto del mes de la salud mental se<br>desarrollar\u00e1 esta jornada a partir de las 15.00 horas con un foco en actividad f\u00edsica y promoci\u00f3n de<br>salud mental. Vamos a tener distintas instancias de actividades recreativas, deportivas, tambi\u00e9n con<br>presencia de un Gobierno en Terreno\u201d. Recalc\u00f3 que la salud mental es una prioridad para el Gobierno<br>y para el Programa del Ministerio de Salud. \u201cEsta es una de las acciones importantes a realizar,<br>esperamos tener una gran convocatoria y que las familias puedan asistir en conjunto, participar y<br>aprovechar este d\u00eda al aire libre\u201d, puntualiz\u00f3.<br>El Seremi del Deporte, Alejandro Olate, se sum\u00f3 a esta invitaci\u00f3n e indic\u00f3 que en un esp\u00edritu<br>colaborativo, \u201cnuestro Ministerio a trav\u00e9s del IND siempre est\u00e1 presente, en un trabajo que se hace<br>pr\u00e1cticamente todo el a\u00f1o, pero coloc\u00e1ndole \u00e9nfasis en meses importante como \u00e9ste ya que la salud<br>mental va directamente relacionada con este tipo de actividades que son para todos los rangos<br>etarios, desde un cross country a nivel escolar a body combat, karate y equinoterapia, entre otras. Una<br>gran variedad que tenemos dentro del IND, puesta siempre a disposici\u00f3n de la comunidad,<br>especialmente para los ni\u00f1os y, por supuesto, para nuestros adultos mayores tambi\u00e9n\u201d.<br>Esta Jornada busca fomentar la actividad f\u00edsica como factor protector de la mente y cuerpo. Este es un<br>esfuerzo intersectorial y representa una alternativa de esparcimiento familiar, aprovechando un<br>espacio natural como es el Parque Mar\u00eda Behety.<br>El Seremi de Educaci\u00f3n, Valent\u00edn Aguilera, se\u00f1al\u00f3 que \u201cestamos muy contentos de ser parte de esta<br>actividad intersectorial, donde uno de los elementos que se destaca justamente es la actividad f\u00edsica,<br>que es un componente importante dentro de nuestro plan de reactivaci\u00f3n. Por eso hemos hecho una<br>invitaci\u00f3n amplia a todas las comunidades educativas, a los ni\u00f1os, ni\u00f1as, j\u00f3venes y tambi\u00e9n a los<br>funcionarios y funcionarias de los establecimientos para que puedan participar\u201d.<br>En esta nueva jornada de \u201cCuerpo, Mente y Movimiento\u201d, se ha sumado entre las nuevas actividades<br>un Cross Country Escolar, as\u00ed lo coment\u00f3 Guillermo Rodriguez, encargado de Deporte Formativo del<br>IND, como una de las actividades que permitir\u00e1 masificar esta convocatoria. \u201cLa idea es que los<\/p>\n\n\n\n<p>estudiantes en conjunto con sus familias puedan hacerse presente ese d\u00eda. Acompa\u00f1arnos tanto en las<br>actividades deportivas como tambi\u00e9n en las actividades como baile entretenido, disciplinas de artes<br>marciales equinoterapia, que es una actividad que igual llama mucho la atenci\u00f3n, entre otras\u201d.<br>La Directora Regional del Instituto de la Juventud, Carla Cifuentes, explic\u00f3 que como instituci\u00f3n<br>trabajan la salud mental como un eje program\u00e1tico, \u201cpor lo tanto, en tiempo donde las problem\u00e1ticas<br>de salud mental, el bienestar de las juventudes son un problema real, donde m\u00e1s del 22,4% por ciento<br>de los j\u00f3venes, manifiestan problemas de salud mental y la necesidad de requerir de ayuda y apoyo,<br>este tipo de actividades promueven el autocuidado y el bienestar, buscando generar espacios de<br>esparcimiento, donde entendemos que todo lo que tiene que ver con el movimiento, el ejercicio al aire<br>libre, son actividades que promueven el estado de bienestar y salud\u201d. A su vez, como parte del<br>Ministerio de Desarrollo Social, estamos trabajando muy coordinados con el Elige Vivir Sano en esta<br>mesa intersectorial que da vida a este evento, puntualiz\u00f3.<br>Paralelamente se contar\u00e1 con la actividad \u201cGobierno en Terreno\u201d, a cargo de la Delegaci\u00f3n<br>Presidencial Regional de Magallanes y en la cual participaran las siguientes entidades y organizaciones<br>: Seremi de la Mujer, Seremi de Transporte, Servicio de Salud, Cormupa, Conaf, ISL, Dicrep, Sence,<br>Sernac, Senadis, Sernatur, Registro Civil, Promedu, Seguridad P\u00fablica, Mejor Ni\u00f1ez, Fundaci\u00f3n Integra,<br>Junji, Corporaci\u00f3n de Asistencia Judicial, ChileAtiende, Carabineros, Programa Previene, Registro<br>Social de Hogares, Oficina del Vecino, ONG SAR Magallanes, Medicina Ancestral y Dpto. de Tenencia<br>Responsable de Mascotas de la Ilustre Municipalidad, este \u00faltimo realizar\u00e1 un operativo de 30 cupos<br>para mascotas caninas para vacuna antirr\u00e1bica desparasitaci\u00f3n e implantaci\u00f3n de microchip.<\/p>\n","protected":false},"excerpt":{"rendered":"<p>Este s\u00e1bado 7 de octubre se realizar\u00e1 por segundo a\u00f1o consecutivo la actividad recreativa \u201cCuerpo,Mente y Movimiento\u201d, jornada intersectorial encabezada por la SEREMI de Salud, Mindep, IND, SeremiEducaci\u00f3n, Seremi de&#8230; <a class=\"read-more\" href=\"https:\/\/www.radiopresidenteibanez.cl\/web\/este-fin-de-semana-se-realiza-segunda-version-de-actvidad-intersectorial-cuerpomente-y-movimiento\/\">Leer m\u00e1s<\/a><\/p>\n","protected":false},"author":2,"featured_media":43114,"comment_status":"closed","ping_status":"closed","sticky":false,"template":"","format":"standard","meta":{"footnotes":""},"categories":[1],"tags":[],"class_list":["post-43113","post","type-post","status-publish","format-standard","has-post-thumbnail","hentry","category-cronica"],"_links":{"self":[{"href":"https:\/\/www.radiopresidenteibanez.cl\/web\/wp-json\/wp\/v2\/posts\/43113","targetHints":{"allow":["GET"]}}],"collection":[{"href":"https:\/\/www.radiopresidenteibanez.cl\/web\/wp-json\/wp\/v2\/posts"}],"about":[{"href":"https:\/\/www.radiopresidenteibanez.cl\/web\/wp-json\/wp\/v2\/types\/post"}],"author":[{"embeddable":true,"href":"https:\/\/www.radiopresidenteibanez.cl\/web\/wp-json\/wp\/v2\/users\/2"}],"replies":[{"embeddable":true,"href":"https:\/\/www.radiopresidenteibanez.cl\/web\/wp-json\/wp\/v2\/comments?post=43113"}],"version-history":[{"count":0,"href":"https:\/\/www.radiopresidenteibanez.cl\/web\/wp-json\/wp\/v2\/posts\/43113\/revisions"}],"wp:featuredmedia":[{"embeddable":true,"href":"https:\/\/www.radiopresidenteibanez.cl\/web\/wp-json\/wp\/v2\/media\/43114"}],"wp:attachment":[{"href":"https:\/\/www.radiopresidenteibanez.cl\/web\/wp-json\/wp\/v2\/media?parent=43113"}],"wp:term":[{"taxonomy":"category","embeddable":true,"href":"https:\/\/www.radiopresidenteibanez.cl\/web\/wp-json\/wp\/v2\/categories?post=43113"},{"taxonomy":"post_tag","embeddable":true,"href":"https:\/\/www.radiopresidenteibanez.cl\/web\/wp-json\/wp\/v2\/tags?post=43113"}],"curies":[{"name":"wp","href":"https:\/\/api.w.org\/{rel}","templated":true}]}}