{"id":43059,"date":"2023-09-30T16:22:55","date_gmt":"2023-09-30T19:22:55","guid":{"rendered":"https:\/\/www.radiopresidenteibanez.cl\/web\/?p=43059"},"modified":"2023-09-30T16:22:58","modified_gmt":"2023-09-30T19:22:58","slug":"a-cinco-anos-de-la-partida-de-victor-alarcon-diaz","status":"publish","type":"post","link":"https:\/\/www.radiopresidenteibanez.cl\/web\/a-cinco-anos-de-la-partida-de-victor-alarcon-diaz\/","title":{"rendered":"A CINCO A\u00d1OS DE LA PARTIDA DE V\u00cdCTOR ALARC\u00d3N D\u00cdAZ."},"content":{"rendered":"\n<p>El 30 de septiembre de 2018 el \u00e1mbito cultural de Chile se sorprende con la muerte del Maestro V\u00edctor Alarc\u00f3n D\u00edaz. Integrante del conjunto Patagonia 4, Ciudadano Destacado de Punta Arenas 2011, su educaci\u00f3n b\u00e1sica la realiz\u00f3 en Cullen y Cerro Sombrero, la media en Don Bosco y Liceo Industrial.<br>Tenor l\u00edrico, director de coro y orquesta, acad\u00e9mico y educador, V\u00edctor Alarc\u00f3n D\u00edaz es reconocido como el \u00faltimo gran eslab\u00f3n en la cadena de la tradici\u00f3n de la m\u00fasica coral en Chile. Formador de diversas agrupaciones, como el Coro de Estudiantes de la Universidad Cat\u00f3lica en los a\u00f1os &#8217;80 o el Coro Bellas Artes en los &#8217;90, ampli\u00f3 su rango como formador al asumir la direcci\u00f3n del Coro Crecer Cantando en 1992, programa que al alero del Teatro Municipal de Santiago lo llev\u00f3 a recorrer el pa\u00eds instruyendo profesores. Alarc\u00f3n dirigi\u00f3, adem\u00e1s el elenco titular de ese programa y cre\u00f3 en la UC el ensamble vocal e instrumental Concerto Vocale, con el que incursion\u00f3 en un amplio y arriesgado rango del repertorio docto, desde la m\u00fasica antigua y barroca hasta la m\u00fasica contempor\u00e1nea.<\/p>\n\n\n\n<p>Oriundo de Punta Arenas, nacido el 30 de noviembre de 1958, se form\u00f3 en el Conservatorio Nacional de la Universidad de Chile y se licenci\u00f3 en M\u00fasica en la Pontificia Universidad Cat\u00f3lica. Profesor de esta \u00faltima casa de estudios, fund\u00f3 el conjunto musical de neofolclore \u201cPatagonia Cuatro\u201d, el Coro Bellas Artes, el Coro de Estudiantes y el Ensamble Vocal e Instrumental Concerto Vocale, agrupaci\u00f3n con la que hab\u00eda comenzado uno de sus grandes proyectos, consistente en interpretar las 209 cantatas de Bach, por primera vez en Latinoam\u00e9rica.<\/p>\n\n\n\n<p>La p\u00e1gina de la Universidad Cat\u00f3lica de Chile Resonancias: Revista de investigaci\u00f3n musical dice: \u00ab\u2026Era sorprendente escucharlo enumerar (siempre accidentalmente) a los notables que alguna vez cantaron bajo su direcci\u00f3n. La lista incluye personas de todos los sectores sociales e ideol\u00f3gicos, desde pol\u00edticos hasta profesionales de lo m\u00e1s disimiles, m\u00fasicos cl\u00e1sicos y populares. \u00c9l encarnaba ese canto que aparec\u00eda para cohesionar, para juntar, para sumar, para construir.  Nunca dej\u00f3 de aprender ni de instruirse, ten\u00eda la curiosidad de un ni\u00f1o travieso. Muchas cosas lo obnubilaban, el cine (alguna vez regent\u00f3 una sala de cine en su juventud), el teatro (con mucho orgullo contaba su participaci\u00f3n en El c\u00edrculo de tiza caucasiano de Bertolt Brecht), las artes pl\u00e1sticas y, muy especialmente, la poes\u00eda. \u201cCuando solo podamos ver con el pensamiento, la cruz del sur se\u00f1alar\u00e1 el camino del Estrecho\u201d, escribi\u00f3 Rolando C\u00e1rdenas.  Esa riqueza la llevaba consigo el m\u00fasico, por eso hac\u00eda interpretar a V\u00edctor Jara o Violeta Parra (en los maravillosos arreglos de William Child que tanto le gustaban), pero tambi\u00e9n a Penderecki, P\u00e4rt, Rihm y ese Bach transformado en eterno compa\u00f1ero de viaje. Sibarita a todo nivel.  S\u00e9 que a su memoria no le faltar\u00e1 la generosidad de aquellos que como yo lo conocieron y lo admiraron. A\u00fan queda mucho por cantar en honor y en memoria de V\u00edctor Alarc\u00f3n.\u00bb<\/p>\n\n\n\n<p>Por parte, el compositor y director Carlos Zamora P\u00e9rez escribi\u00f3 en Revista Musical Chilena: \u00ab\u2026En 1987 se realiz\u00f3 en Santiago un festival de coros universitarios. Yo asist\u00ed como integrante del Coro de C\u00e1mara de la Universidad de Concepci\u00f3n. Coro tras coro aparecimos en los conciertos hasta que de repente le toca el turno al coro de estudiantes de la Pontificia Universidad Cat\u00f3lica de Chile (PUC). Un coro desarmado en su aspecto, sin uniforme y dirigidos por un tipo loco vistiendo camisa y pantalones de mezclilla. Se pase\u00f3 desde la polifon\u00eda renacentista hasta un par de obras modernas pasando por V\u00edctor Jara. El tipo loco era V\u00edctor Alarc\u00f3n.<br>Por esos a\u00f1os las protestas contra la dictadura de Pinochet eran cada vez m\u00e1s frecuentes, y por cierto las hab\u00eda en las cercan\u00edas al Campus Oriente de la PUC. Este coro loco, liderado por Vicho (como le dec\u00edan a V\u00edctor) aparec\u00eda entre las bombas lacrim\u00f3genas a cantar, a interrumpir con el canto coral las batallas entre compatriotas y a hacer protesta contra la dictadura de otra forma.\u00bb<\/p>\n\n\n\n<p>Contin\u00faa Carlos Zamora: \u00abSu labor de director no solo la realiz\u00f3 con los ni\u00f1os, ni\u00f1as o adultos j\u00f3venes, es as\u00ed que durante a\u00f1os dirigi\u00f3 un coro de adultos mayores, y tal como casi siempre con sus coros, realiz\u00f3 una gira con ellos, llegando a cantar ante el Papa en la Capilla Sixtina en Roma. Giras muchas y como he dicho, centenares de miles de cantantes de coro pasaron por su batuta. Batuta que no siendo brillante, supl\u00eda sus falencias con una musicalidad natural y una pasi\u00f3n por lo que hac\u00eda que lograba sobrepasar cualquier cosa.<br>Alguna vez, luego de golpearse en la cabeza con el diapas\u00f3n para encontrar la nota -como era su estilo para no siempre encontrar la nota-cantamos en un homenaje a Atahualpa Yupanqui en Par\u00eds. Luego de nuestra presentaci\u00f3n y totalmente fuera de programa, V\u00edctor tom\u00f3 una guitarra y cant\u00f3 algunas zambas (fueron m\u00e1s de dos). Seg\u00fan \u00e9l, lo que mejor sab\u00eda hacer era cantar zambas. Si bien es cierto que cantaba zambas de la mejor manera, no es menos cierto que en realidad lo que mejor sab\u00eda hacer era hacer cantar a la gente.<\/p>\n\n\n\n<figure class=\"wp-block-image size-large\"><img loading=\"lazy\" decoding=\"async\" width=\"1024\" height=\"576\" src=\"https:\/\/www.radiopresidenteibanez.cl\/web\/wp-content\/uploads\/2023\/09\/victoralarcon1-1024x576.jpg\" alt=\"Imagen: H\u00e9ctor Patricio Gueichatureo Cuyul\" class=\"wp-image-43061\" srcset=\"https:\/\/www.radiopresidenteibanez.cl\/web\/wp-content\/uploads\/2023\/09\/victoralarcon1-1024x576.jpg 1024w, https:\/\/www.radiopresidenteibanez.cl\/web\/wp-content\/uploads\/2023\/09\/victoralarcon1-300x169.jpg 300w, https:\/\/www.radiopresidenteibanez.cl\/web\/wp-content\/uploads\/2023\/09\/victoralarcon1-768x432.jpg 768w, https:\/\/www.radiopresidenteibanez.cl\/web\/wp-content\/uploads\/2023\/09\/victoralarcon1.jpg 1280w\" sizes=\"auto, (max-width: 1024px) 100vw, 1024px\" \/><figcaption class=\"wp-element-caption\">Foto: Patricio Gueichatureo Cuyul.<\/figcaption><\/figure>\n\n\n\n<p><a href=\"http:\/\/www.scielo.cl\" data-type=\"link\" data-id=\"www.scielo.cl\">www.scielo.cl<\/a><br><a href=\"http:\/\/resonancias.uc.cl\" data-type=\"link\" data-id=\"resonancias.uc.cl\">resonancias.uc.cl<\/a><\/p>\n","protected":false},"excerpt":{"rendered":"<p>El 30 de septiembre de 2018 el \u00e1mbito cultural de Chile se sorprende con la muerte del Maestro V\u00edctor Alarc\u00f3n D\u00edaz. Integrante del conjunto Patagonia 4, Ciudadano Destacado de Punta&#8230; <a class=\"read-more\" href=\"https:\/\/www.radiopresidenteibanez.cl\/web\/a-cinco-anos-de-la-partida-de-victor-alarcon-diaz\/\">Leer m\u00e1s<\/a><\/p>\n","protected":false},"author":2,"featured_media":43060,"comment_status":"closed","ping_status":"closed","sticky":false,"template":"","format":"standard","meta":{"footnotes":"[]"},"categories":[1,4],"tags":[],"class_list":["post-43059","post","type-post","status-publish","format-standard","has-post-thumbnail","hentry","category-cronica","category-entretenimiento-y-cultura"],"_links":{"self":[{"href":"https:\/\/www.radiopresidenteibanez.cl\/web\/wp-json\/wp\/v2\/posts\/43059","targetHints":{"allow":["GET"]}}],"collection":[{"href":"https:\/\/www.radiopresidenteibanez.cl\/web\/wp-json\/wp\/v2\/posts"}],"about":[{"href":"https:\/\/www.radiopresidenteibanez.cl\/web\/wp-json\/wp\/v2\/types\/post"}],"author":[{"embeddable":true,"href":"https:\/\/www.radiopresidenteibanez.cl\/web\/wp-json\/wp\/v2\/users\/2"}],"replies":[{"embeddable":true,"href":"https:\/\/www.radiopresidenteibanez.cl\/web\/wp-json\/wp\/v2\/comments?post=43059"}],"version-history":[{"count":0,"href":"https:\/\/www.radiopresidenteibanez.cl\/web\/wp-json\/wp\/v2\/posts\/43059\/revisions"}],"wp:featuredmedia":[{"embeddable":true,"href":"https:\/\/www.radiopresidenteibanez.cl\/web\/wp-json\/wp\/v2\/media\/43060"}],"wp:attachment":[{"href":"https:\/\/www.radiopresidenteibanez.cl\/web\/wp-json\/wp\/v2\/media?parent=43059"}],"wp:term":[{"taxonomy":"category","embeddable":true,"href":"https:\/\/www.radiopresidenteibanez.cl\/web\/wp-json\/wp\/v2\/categories?post=43059"},{"taxonomy":"post_tag","embeddable":true,"href":"https:\/\/www.radiopresidenteibanez.cl\/web\/wp-json\/wp\/v2\/tags?post=43059"}],"curies":[{"name":"wp","href":"https:\/\/api.w.org\/{rel}","templated":true}]}}