{"id":43038,"date":"2023-09-29T08:30:38","date_gmt":"2023-09-29T11:30:38","guid":{"rendered":"https:\/\/www.radiopresidenteibanez.cl\/web\/?p=43038"},"modified":"2023-09-29T08:31:07","modified_gmt":"2023-09-29T11:31:07","slug":"gobernador-regional-manifesto-su-satisfaccion-por-el-alto-estado-de-avance-de-la-nueva-seccion-femenina-de-la-carcel-de-punta-arenas","status":"publish","type":"post","link":"https:\/\/www.radiopresidenteibanez.cl\/web\/gobernador-regional-manifesto-su-satisfaccion-por-el-alto-estado-de-avance-de-la-nueva-seccion-femenina-de-la-carcel-de-punta-arenas\/","title":{"rendered":"GOBERNADOR REGIONAL MANIFEST\u00d3 SU SATISFACCI\u00d3N POR EL ALTO ESTADO DE AVANCE DE LA NUEVA SECCI\u00d3N FEMENINA DE LA C\u00c1RCEL DE PUNTA ARENAS\u00a0"},"content":{"rendered":"\n<figure class=\"wp-block-table\"><table><tbody><tr><td colspan=\"2\">Este jueves el gobernador regional de Magallanes, Jorge Fl\u00edes A\u00f1\u00f3n realiz\u00f3 un recorrido por el ala norte del CP, \u00e1rea donde se est\u00e1n realizando las obras finales que significar\u00e1n contar con un m\u00f3dulo nuevo y funcional para las necesidades que implica el aumento en el ingreso de mujeres privadas de libertad que manifiesta la regi\u00f3n.&nbsp;\u201cUna de las deudas que ten\u00edamos era con esta secci\u00f3n femenina, particularmente en tener secciones adecuadas para, por ejemplo, madres con ni\u00f1os menores de dos a\u00f1os, para tener tambi\u00e9n una secci\u00f3n juvenil independiente, as\u00ed como personas que est\u00e1n bajo tratamiento a cargo del ministerio de Salud, as\u00ed como mujeres imputadas y condenadas que desde el punto normativo debieran estar en secciones separadas, lo que no ocurr\u00eda hasta antes de este proyecto\u201d, expres\u00f3 el gobernador regional durante su visita.&nbsp;&nbsp;La autoridad agreg\u00f3 que: \u201cGendarmer\u00eda y Justicia presentaron un proyecto cercano a $500 millones, presupuesto que fue ampliado hace poco por el Consejo Regional hasta los $730 millones, lo que se traducir\u00e1 en talleres laborales, arreglo de dormitorios y espacios comunes, entre otros, por lo que nosotros estamos muy satisfechos puesto que, en el \u00e1mbito de la Justicia, \u00e9sta termina cuando tenemos a las mujeres privadas de libertad reinsertas en la sociedad, reincorporadas con todos sus derechos, tarea que implica que las condiciones penitenciarias m\u00ednimas se cumplan\u201d.&nbsp;&nbsp;\u00abAgradecemos al Core y al gobernador ya que esto permite reducir una brecha de g\u00e9nero importante y releva el rol que Gendarmer\u00eda hace en materia de reinserci\u00f3n, ya que los temas de seguridad no se resuelven solamente ingresando m\u00e1s personas al sistema carcelario sino que el trabajo efectivo en reinserci\u00f3n permite evitar reincidencia, y as\u00ed aportar a la seguridad de las personas\u00bb, expres\u00f3 la seremi de Justicia Michelle Peutat Alvarado, quien acompa\u00f1\u00f3 al Gobernador regional durante esta ronda inspectiva.&nbsp;&nbsp;Finalmente, el director regional de Gendarmer\u00eda, coronel Dan Toro Ar\u00e9valo manifest\u00f3 que al d\u00eda de hoy el CP cuenta con 430 internos, cifra en la que se incluyen las 23 internas femeninas (13 condenadas y 11 imputadas), agregando que esto se traduce en condiciones dignas que apoyan crucialmente el trabajo que hace en reinsertar Gendarmer\u00eda.<\/td><\/tr><\/tbody><\/table><\/figure>\n","protected":false},"excerpt":{"rendered":"<p>Este jueves el gobernador regional de Magallanes, Jorge Fl\u00edes A\u00f1\u00f3n realiz\u00f3 un recorrido por el ala norte del CP, \u00e1rea donde se est\u00e1n realizando las obras finales que significar\u00e1n contar&#8230; <a class=\"read-more\" href=\"https:\/\/www.radiopresidenteibanez.cl\/web\/gobernador-regional-manifesto-su-satisfaccion-por-el-alto-estado-de-avance-de-la-nueva-seccion-femenina-de-la-carcel-de-punta-arenas\/\">Leer m\u00e1s<\/a><\/p>\n","protected":false},"author":2,"featured_media":43039,"comment_status":"closed","ping_status":"closed","sticky":false,"template":"","format":"standard","meta":{"footnotes":""},"categories":[1],"tags":[],"class_list":["post-43038","post","type-post","status-publish","format-standard","has-post-thumbnail","hentry","category-cronica"],"_links":{"self":[{"href":"https:\/\/www.radiopresidenteibanez.cl\/web\/wp-json\/wp\/v2\/posts\/43038","targetHints":{"allow":["GET"]}}],"collection":[{"href":"https:\/\/www.radiopresidenteibanez.cl\/web\/wp-json\/wp\/v2\/posts"}],"about":[{"href":"https:\/\/www.radiopresidenteibanez.cl\/web\/wp-json\/wp\/v2\/types\/post"}],"author":[{"embeddable":true,"href":"https:\/\/www.radiopresidenteibanez.cl\/web\/wp-json\/wp\/v2\/users\/2"}],"replies":[{"embeddable":true,"href":"https:\/\/www.radiopresidenteibanez.cl\/web\/wp-json\/wp\/v2\/comments?post=43038"}],"version-history":[{"count":0,"href":"https:\/\/www.radiopresidenteibanez.cl\/web\/wp-json\/wp\/v2\/posts\/43038\/revisions"}],"wp:featuredmedia":[{"embeddable":true,"href":"https:\/\/www.radiopresidenteibanez.cl\/web\/wp-json\/wp\/v2\/media\/43039"}],"wp:attachment":[{"href":"https:\/\/www.radiopresidenteibanez.cl\/web\/wp-json\/wp\/v2\/media?parent=43038"}],"wp:term":[{"taxonomy":"category","embeddable":true,"href":"https:\/\/www.radiopresidenteibanez.cl\/web\/wp-json\/wp\/v2\/categories?post=43038"},{"taxonomy":"post_tag","embeddable":true,"href":"https:\/\/www.radiopresidenteibanez.cl\/web\/wp-json\/wp\/v2\/tags?post=43038"}],"curies":[{"name":"wp","href":"https:\/\/api.w.org\/{rel}","templated":true}]}}