{"id":4303,"date":"2019-05-16T15:06:43","date_gmt":"2019-05-16T15:06:43","guid":{"rendered":"http:\/\/www.radiopresidenteibanez.cl\/web\/?p=4303"},"modified":"2019-05-16T15:07:10","modified_gmt":"2019-05-16T15:07:10","slug":"ultimo-llamado-para-postular-al-premio-para-empresas-inclusivas","status":"publish","type":"post","link":"https:\/\/www.radiopresidenteibanez.cl\/web\/ultimo-llamado-para-postular-al-premio-para-empresas-inclusivas\/","title":{"rendered":"\u00daLTIMO LLAMADO PARA POSTULAR AL PREMIO PARA EMPRESAS INCLUSIVAS"},"content":{"rendered":"\n<p>Hasta el pr\u00f3ximo 20 de\nmayo es el plazo para que las empresas regionales con m\u00e1s de 100 trabajadores que\ncumplan con la Ley de Inclusi\u00f3n Laboral, postulen al Premio Mejores Empresas\nInclusivas 2019, una importante distinci\u00f3n que reconoce a los empleadores que\nacatan la norma 21.015 conforme al esp\u00edritu de la misma, es decir, entregando\nempleos de calidad y acordes a las habilidades de quienes contratan.<\/p>\n\n\n\n<p>As\u00ed lo indic\u00f3 la\nSeremi del Trabajo, Victoria Cort\u00e9s Schiattino, quien esta semana hizo el\n\u00faltimo llamado a las firmas magall\u00e1nicas a ser parte de esta postulaci\u00f3n.<\/p>\n\n\n\n<p>\u201cEstamos haciendo el\nllamado a todas las empresas de nuestra regi\u00f3n que tienen un verdadero esp\u00edritu\nde inclusi\u00f3n al interior de su empresa, a postular a este Premio que entrega la\nsubsecretar\u00eda del Trabajo y que busca reconocer a aquellas compa\u00f1\u00edas con m\u00e1s de\n100 trabajadores, que crean verdaderamente en la inclusi\u00f3n como parte de un\ncambio cultural y no solamente como una normativa que hay que cumplir\u201d, explic\u00f3\nla titular del Trabajo en la regi\u00f3n.<\/p>\n\n\n\n<p>Seg\u00fan expres\u00f3 la\nautoridad, se premiar\u00e1 a una empresa en cada regi\u00f3n del pa\u00eds y la calificaci\u00f3n\nla realizar\u00e1 un jurado compuesto por actores ligados al tema de inclusi\u00f3n\nlaboral de cada una de las regiones. Entre ellas, el jurado estar\u00e1 compuesto\npor la Seremi del Trabajo, Intendentes regionales, Corporaci\u00f3n de\nRehabilitaci\u00f3n Club de Leones Cruz del Sur, Senadis y C\u00e1mara de Comercio.<\/p>\n\n\n\n<p>\u201cEn Magallanes\nqueremos tener una empresa premiada. Aqu\u00ed nos sobran los buenos ejemplos de\nempresas inclusivas, lo hemos constatado con nuestros propios ojos en las\ndistintas actividades de difusi\u00f3n que hemos hecho sobre la ley y en las\nfiscalizaciones que hemos realizado, por lo que invito a esas empresas a\npostular. S\u00f3lo se debe llenar un formulario online que es muy simple y adjuntar\ntres documentos que se solicitan, recordando que el plazo es hasta el 20 de\nmayo pr\u00f3ximo\u201d, a\u00f1adi\u00f3 la Seremi.<\/p>\n\n\n\n<p>La forma de postular es acceder al sitio web de la subsecretar\u00eda del Trabajo, <a href=\"http:\/\/www.subtrab.trabajo.gob.cl\">www.subtrab.trabajo.gob.cl<\/a>, a trav\u00e9s del banner Premio Ley de Inclusi\u00f3n y completar el formulario de postulaci\u00f3n, adjuntando los documentos ah\u00ed se\u00f1alados, los cuales deben ser enviados posteriormente al correo electr\u00f3nico <a href=\"mailto:premioinclusion@mintrab.gob.cl\">premioinclusion@mintrab.gob.cl<\/a>. }<\/p>\n\n\n\n<figure class=\"wp-block-image\"><img loading=\"lazy\" decoding=\"async\" width=\"1024\" height=\"682\" src=\"https:\/\/www.radiopresidenteibanez.cl\/web\/wp-content\/uploads\/2019\/05\/IMG_8996_1-1024x682.jpg\" alt=\"\" class=\"wp-image-4304\" srcset=\"https:\/\/www.radiopresidenteibanez.cl\/web\/wp-content\/uploads\/2019\/05\/IMG_8996_1-1024x682.jpg 1024w, https:\/\/www.radiopresidenteibanez.cl\/web\/wp-content\/uploads\/2019\/05\/IMG_8996_1-300x200.jpg 300w, https:\/\/www.radiopresidenteibanez.cl\/web\/wp-content\/uploads\/2019\/05\/IMG_8996_1-768x512.jpg 768w, https:\/\/www.radiopresidenteibanez.cl\/web\/wp-content\/uploads\/2019\/05\/IMG_8996_1.jpg 1300w\" sizes=\"auto, (max-width: 1024px) 100vw, 1024px\" \/><\/figure>\n","protected":false},"excerpt":{"rendered":"<p>Hasta el pr\u00f3ximo 20 de mayo es el plazo para que las empresas regionales con m\u00e1s de 100 trabajadores que cumplan con la Ley de Inclusi\u00f3n Laboral, postulen al Premio&#8230; <a class=\"read-more\" href=\"https:\/\/www.radiopresidenteibanez.cl\/web\/ultimo-llamado-para-postular-al-premio-para-empresas-inclusivas\/\">Leer m\u00e1s<\/a><\/p>\n","protected":false},"author":2,"featured_media":4304,"comment_status":"closed","ping_status":"closed","sticky":false,"template":"","format":"standard","meta":{"footnotes":""},"categories":[1],"tags":[],"class_list":["post-4303","post","type-post","status-publish","format-standard","has-post-thumbnail","hentry","category-cronica"],"_links":{"self":[{"href":"https:\/\/www.radiopresidenteibanez.cl\/web\/wp-json\/wp\/v2\/posts\/4303","targetHints":{"allow":["GET"]}}],"collection":[{"href":"https:\/\/www.radiopresidenteibanez.cl\/web\/wp-json\/wp\/v2\/posts"}],"about":[{"href":"https:\/\/www.radiopresidenteibanez.cl\/web\/wp-json\/wp\/v2\/types\/post"}],"author":[{"embeddable":true,"href":"https:\/\/www.radiopresidenteibanez.cl\/web\/wp-json\/wp\/v2\/users\/2"}],"replies":[{"embeddable":true,"href":"https:\/\/www.radiopresidenteibanez.cl\/web\/wp-json\/wp\/v2\/comments?post=4303"}],"version-history":[{"count":0,"href":"https:\/\/www.radiopresidenteibanez.cl\/web\/wp-json\/wp\/v2\/posts\/4303\/revisions"}],"wp:featuredmedia":[{"embeddable":true,"href":"https:\/\/www.radiopresidenteibanez.cl\/web\/wp-json\/wp\/v2\/media\/4304"}],"wp:attachment":[{"href":"https:\/\/www.radiopresidenteibanez.cl\/web\/wp-json\/wp\/v2\/media?parent=4303"}],"wp:term":[{"taxonomy":"category","embeddable":true,"href":"https:\/\/www.radiopresidenteibanez.cl\/web\/wp-json\/wp\/v2\/categories?post=4303"},{"taxonomy":"post_tag","embeddable":true,"href":"https:\/\/www.radiopresidenteibanez.cl\/web\/wp-json\/wp\/v2\/tags?post=4303"}],"curies":[{"name":"wp","href":"https:\/\/api.w.org\/{rel}","templated":true}]}}