{"id":43020,"date":"2023-09-28T11:40:00","date_gmt":"2023-09-28T14:40:00","guid":{"rendered":"https:\/\/www.radiopresidenteibanez.cl\/web\/?p=43020"},"modified":"2023-09-28T10:11:27","modified_gmt":"2023-09-28T13:11:27","slug":"la-musica-del-cafe-del-cerro-en-el-ultimo-tren-a-casa","status":"publish","type":"post","link":"https:\/\/www.radiopresidenteibanez.cl\/web\/la-musica-del-cafe-del-cerro-en-el-ultimo-tren-a-casa\/","title":{"rendered":"LA M\u00daSICA DEL\u00a0 \u00abCAF\u00c9 DEL CERRO\u00bb\u00a0 EN\u00a0 EL \u00daLTIMO TREN A CASA"},"content":{"rendered":"\n<p>Este viernes 19 hrs. el programa&nbsp;<em>\u201cEl \u00faltimo tren a casa\u201d<\/em>&nbsp;que produce el&nbsp;<em>Colectivo Aczi\u00f3n Kultural<\/em>&nbsp;y que conduce&nbsp;<em>Pedro Guichapany<\/em>&nbsp;en radio Presidente Ib\u00e1\u00f1ez presenta en la secci\u00f3n \u201cM\u00fasica para la Memoria\u201d el cap\u00edtulo&nbsp;<em>\u201cCaf\u00e9 del Cerro: una trinchera cultura en dictadura\u201d.<\/em><\/p>\n\n\n\n<p><em>Marjorie Kush y Mario Navarro<\/em>&nbsp;los gestores del Caf\u00e9 del Cerro, la trinchera del arte en dictadura.&nbsp;<em>El Caf\u00e9 del Cerro&nbsp;<\/em>fue una cafeter\u00eda ubicada en Recoleta, Santiago de Chile, destacada por su actividad cultural durante la d\u00e9cada de 1980, en plena dictadura militar pinochetista. Estaba ubicado en calle Ernesto Pinto Lagarrigue 192, en la esquina con Antonia L\u00f3pez de Bello, en pleno Barrio Bellavista.<\/p>\n\n\n\n<p>Pe\u00f1as y caf\u00e9s fueron los escenarios musicales m\u00e1s seguros en los a\u00f1os de toque de queda y represi\u00f3n militar, no solo para los cantautores sino tambi\u00e9n para quienes quer\u00edan escucharlos en vivo. Aunque no fue el \u00fanico ni el primero,&nbsp;<em>el Caf\u00e9 del Cerro<\/em>&nbsp;perdur\u00f3 como un s\u00edmbolo de esos espacios. Hoy&nbsp;<em>el Caf\u00e9 del Cerro<\/em>&nbsp;es un gran s\u00edmbolo de la m\u00fasica de resistencia en dictadura. Se asist\u00eda all\u00ed no s\u00f3lo para escucharla, sino para saberse enlazado, sin necesidad de palabras, en un mismo esp\u00edritu de disidencia y anhelo democr\u00e1tico. Fue, adem\u00e1s, un espacio de acogida a solistas y bandas que con m\u00e1s o menos oficio confiaban en la canci\u00f3n popular como soporte de libre expresi\u00f3n y cr\u00edtica, incluso al medio de amenazas y censura.<\/p>\n\n\n\n<p>Desde su entusiasta inauguraci\u00f3n, en Ernesto Pinto Lagarrigue 192,&nbsp;<em>el Caf\u00e9 del Cerro<\/em>&nbsp;fue un espacio abierto de acogida y particular sello de calidad.&nbsp;<em>Eduardo Gatti, Schwenke &amp; Nilo, Eduardo Peralta, Santiago del Nuevo Extremo, Hugo Moraga, Felo, Jorge Y\u00e1\u00f1ez, Congreso, Wampara, \u00d3scar Andrade, Gervasio, Isabel Aldunate, Cecilia Echenique, Sol y Lluvia y Huara<\/em>&nbsp;figuraban como invitados frecuentes a su escenario. Identificada entonces bajo la etiqueta de&nbsp;<strong>Canto Nuevo<\/strong>, era una cantautor\u00eda af\u00edn a la trova y la ra\u00edz latinoamericana, repleta de met\u00e1foras que permitieran reflexionar sobre la situaci\u00f3n del pa\u00eds sin llegar a una cr\u00edtica expl\u00edcita que los pusiera en riesgo.&nbsp;<\/p>\n\n\n\n<p>Pero el espacio fue tambi\u00e9n importante para la largada de carreras asociadas al pop y otros g\u00e9neros, como las de&nbsp;<em>Los Prisioneros, La Ley, Fulano, Upa, De Kiruza<\/em>&nbsp;e incluso la primer\u00edsima etapa de&nbsp;<em>Los Tres<\/em>.&nbsp;<strong>El Caf\u00e9 del Cerro<\/strong>&nbsp;fue tambi\u00e9n muchas veces el primer escenario de reencuentro de m\u00fasicos chilenos retornados del exilio.<\/p>\n\n\n\n<p><em>&nbsp;\u201cEntre sus paredes, desde el comienzo en 1983 y su cierre en 1992, resonaron el jazz y la experimentaci\u00f3n, la cadencia de los cantautores, la sabidur\u00eda del folclor, la potencia de los grupos contestatarios, la alegr\u00eda de las fiestas bailables, las carcajadas cr\u00edticas del humor pol\u00edtico, los altos decibeles del rock y del pop\u00bb.<\/em><\/p>\n\n\n\n<p>En el programa se escucha la voz de&nbsp;<em>Mario Navarro<\/em>, propietario, y se escuchan alguna de las voces que popularizaron&nbsp;<strong>el Caf\u00e9 del Cerro<\/strong>.<\/p>\n","protected":false},"excerpt":{"rendered":"<p>Este viernes 19 hrs. el programa&nbsp;\u201cEl \u00faltimo tren a casa\u201d&nbsp;que produce el&nbsp;Colectivo Aczi\u00f3n Kultural&nbsp;y que conduce&nbsp;Pedro Guichapany&nbsp;en radio Presidente Ib\u00e1\u00f1ez presenta en la secci\u00f3n \u201cM\u00fasica para la Memoria\u201d el cap\u00edtulo&nbsp;\u201cCaf\u00e9&#8230; <a class=\"read-more\" href=\"https:\/\/www.radiopresidenteibanez.cl\/web\/la-musica-del-cafe-del-cerro-en-el-ultimo-tren-a-casa\/\">Leer m\u00e1s<\/a><\/p>\n","protected":false},"author":2,"featured_media":43022,"comment_status":"closed","ping_status":"closed","sticky":false,"template":"","format":"standard","meta":{"footnotes":""},"categories":[1],"tags":[],"class_list":["post-43020","post","type-post","status-publish","format-standard","has-post-thumbnail","hentry","category-cronica"],"_links":{"self":[{"href":"https:\/\/www.radiopresidenteibanez.cl\/web\/wp-json\/wp\/v2\/posts\/43020","targetHints":{"allow":["GET"]}}],"collection":[{"href":"https:\/\/www.radiopresidenteibanez.cl\/web\/wp-json\/wp\/v2\/posts"}],"about":[{"href":"https:\/\/www.radiopresidenteibanez.cl\/web\/wp-json\/wp\/v2\/types\/post"}],"author":[{"embeddable":true,"href":"https:\/\/www.radiopresidenteibanez.cl\/web\/wp-json\/wp\/v2\/users\/2"}],"replies":[{"embeddable":true,"href":"https:\/\/www.radiopresidenteibanez.cl\/web\/wp-json\/wp\/v2\/comments?post=43020"}],"version-history":[{"count":0,"href":"https:\/\/www.radiopresidenteibanez.cl\/web\/wp-json\/wp\/v2\/posts\/43020\/revisions"}],"wp:featuredmedia":[{"embeddable":true,"href":"https:\/\/www.radiopresidenteibanez.cl\/web\/wp-json\/wp\/v2\/media\/43022"}],"wp:attachment":[{"href":"https:\/\/www.radiopresidenteibanez.cl\/web\/wp-json\/wp\/v2\/media?parent=43020"}],"wp:term":[{"taxonomy":"category","embeddable":true,"href":"https:\/\/www.radiopresidenteibanez.cl\/web\/wp-json\/wp\/v2\/categories?post=43020"},{"taxonomy":"post_tag","embeddable":true,"href":"https:\/\/www.radiopresidenteibanez.cl\/web\/wp-json\/wp\/v2\/tags?post=43020"}],"curies":[{"name":"wp","href":"https:\/\/api.w.org\/{rel}","templated":true}]}}