{"id":430,"date":"2019-01-14T16:32:03","date_gmt":"2019-01-14T16:32:03","guid":{"rendered":"http:\/\/www.radiopresidenteibanez.cl\/web\/?p=430"},"modified":"2019-01-14T16:32:05","modified_gmt":"2019-01-14T16:32:05","slug":"subsecretario-felipe-salaberry-visito-diversas-obras-ejecutadas-en-puerto-natales","status":"publish","type":"post","link":"https:\/\/www.radiopresidenteibanez.cl\/web\/subsecretario-felipe-salaberry-visito-diversas-obras-ejecutadas-en-puerto-natales\/","title":{"rendered":"SUBSECRETARIO FELIPE SALABERRY VISIT\u00d3 DIVERSAS OBRAS EJECUTADAS EN PUERTO NATALES"},"content":{"rendered":"\n<p>Los &nbsp;alcaldes de la provincia de \u00daltima Esperanza,\nFernando Paredes y Roberto C\u00e1rdenas junto a la Gobernadora Ana Mayorga,\nrecibieron al Subsecretario de Desarrollo Regional, Felipe Salaberry, con quien\nse reunieron a primera hora en el municipio natalino y, posteriormente recorrer\ndiferentes obras que se generan en la comuna, entre ellas, visitas a la\nconstrucci\u00f3n de mejoramiento de ba\u00f1os y, el relleno sanitario que pr\u00f3ximamente\nentrar\u00e1 en funcionamiento en beneficio de las comunas de Natales y Torres del\nPayne. <\/p>\n\n\n\n<p>Tras dicha visita enmarcada\ndentro de su trabajo en Magallanes, el Subsecretario Salaberry manifest\u00f3 a los\nmedios presentes que aqu\u00ed se evidencia una gran visi\u00f3n de desarrollo, m\u00e1s\ncuando no solo ve materializo un relleno sanitario, pensado en los habitantes,\nsino que tambi\u00e9n en el medio ambiente lo que la convierte esta gran obra, que\nal igual que otros proyectos, se evidencia una preocupaci\u00f3n por mejorar la\ncalidad de vida de los habitantes y donde la subsecretaria siempre estar\u00e1\ndisponible para colaborar con el trabajo de los municipios, como lo que sucede\nen Natales. \u201c\u2026 hay obras m\u00e1s peque\u00f1as pero igual de importantes como este\nverdadero centro integral de manejo de residuos s\u00f3lidos; una visionaria obra\nque los alcaldes de la provincia van a poner a disposici\u00f3n de la comunidad en\nlos pr\u00f3ximos meses; por ello esperamos que los habitantes sepan valorar y\nreconocer el trabajo que han realizado sus autoridades municipales en este gran\nproyecto en pos de mejorar la calidad de vida de todos\u201d. En esa l\u00ednea sentenci\u00f3\nque todo esto se ver\u00e1 reflejado en la visi\u00f3n que tiene el gobierno del\npresidente Pi\u00f1era y llegar a lugares como este para mejorar la calidad de vida\nde los chilenos y con el apoyo del trabajo del gobierno provincial y del\nmunicipio sin duda es posible.<\/p>\n\n\n\n<p>As\u00ed mismo el Alcalde Fernando\nParedes, manifest\u00f3 que es valorable la visi\u00f3n del presidente Pi\u00f1era en que el\ntrabajo de la subsecretaria llegue a regiones, en especial a Natales, lo que es\nuna clara se\u00f1al de lo que el gobierno le est\u00e1 entregando a la provincia de\n\u00daltima Esperanza. \u201cHoy estamos ante la parecencia de un proyecto de car\u00e1cter\nprovincial, m\u00e1s cuando Natales se ha transformado en un destino tur\u00edstico y\narm\u00f3nico con el medio ambiente; no por nada hemos recibido muchas\ncertificaciones medioambientales, incluso hace poco Natales fue elegido dentro\nde los cien destinos verdes a nivel mundial; por ello hoy tenemos como\nautoridades comunales la responsabilidad de posesionar de buena forma este\ntrabajo que con el relleno sanitario se va cimentando\u201d, Acotando m\u00e1s adelante\nque aqu\u00ed hay una gran inversi\u00f3n que supera los cuatro mil millones de pesos lo\nque hoy la convierte en una de las obras m\u00e1s grandes que se generan en la\nprovincia.<\/p>\n\n\n\n<p>Por su parte, la Gobernadora Ana\nMayorga, indic\u00f3 que aqu\u00ed se sigue trabajando en la solicitud hecha por el\npresidente de la rep\u00fablica el de acercar el gobierno a las personas y que las\nobras le beneficien directamente para mejorar sus calidad de vida y en eso\ntambi\u00e9n est\u00e1n los servicios b\u00e1sicos como la visita que realizamos a las casetas\nsanitarias que se construyen en Natales, lo que se ve coronado con la visita\njunto a los municipios y el Subsecretario a este relleno sanitario. \u201c\u2026 Estas\nson obras que \u2013sin duda- mejoran la calidad de vida de los habitantes de la\nprovincia y en eso est\u00e1 el compromiso del gobierno y de cada una de las\nautoridades que estamos trabajando en terreno para que las personas sean m\u00e1s felices\npor medio de este tipo de obras, las que junto a los municipios seguiremos\npotenciando y dise\u00f1ando un mejor Chile para todos\u2026\u201d.<\/p>\n\n\n\n<p>Finalmente, el Alcalde de Torres\ndel Payne, Roberto C\u00e1rdenas, valor\u00f3 el trabajo en equipo que se ha desplegado\nen este gran proyecto que beneficiar\u00e1 a la provincia en general, manifestado en\nesta visita que, este relleno sanitario viene a dar soluci\u00f3n a un anhelo medio\nambiental en \u00daltima Esperanza. \u201caqu\u00ed hay un trabajo en equipo junto a mi colega\nFernando Paredes y la Gobernadora Ana Mayorga, lo que sin duda alguna es un\ntremendo aporte para nuestra comunidad, entendiendo que nuestro parque nacional\nhoy la octava maravilla tambi\u00e9n tiene que tener los cuidados medio ambientales\ny este relleno sanitario nos presenta una gran oportunidad un destino\nsustentable\u2026\u201d. Lo que a su juicio es un tema importante m\u00e1s cuando como comuna\nhan estado trabajando en materia de manejo medioambiental que se ver\u00e1 coronado\ncon la puesta en marcha de este gran proyecto que fue conocido en terreno por\nel Subsecretario de Desarrollo Regio en su paso por la provincia de \u00daltima\nEsperanza.<\/p>\n","protected":false},"excerpt":{"rendered":"<p>Los &nbsp;alcaldes de la provincia de \u00daltima Esperanza, Fernando Paredes y Roberto C\u00e1rdenas junto a la Gobernadora Ana Mayorga, recibieron al Subsecretario de Desarrollo Regional, Felipe Salaberry, con quien se&#8230; <a class=\"read-more\" href=\"https:\/\/www.radiopresidenteibanez.cl\/web\/subsecretario-felipe-salaberry-visito-diversas-obras-ejecutadas-en-puerto-natales\/\">Leer m\u00e1s<\/a><\/p>\n","protected":false},"author":2,"featured_media":431,"comment_status":"closed","ping_status":"closed","sticky":false,"template":"","format":"standard","meta":{"footnotes":""},"categories":[1],"tags":[],"class_list":["post-430","post","type-post","status-publish","format-standard","has-post-thumbnail","hentry","category-cronica"],"_links":{"self":[{"href":"https:\/\/www.radiopresidenteibanez.cl\/web\/wp-json\/wp\/v2\/posts\/430","targetHints":{"allow":["GET"]}}],"collection":[{"href":"https:\/\/www.radiopresidenteibanez.cl\/web\/wp-json\/wp\/v2\/posts"}],"about":[{"href":"https:\/\/www.radiopresidenteibanez.cl\/web\/wp-json\/wp\/v2\/types\/post"}],"author":[{"embeddable":true,"href":"https:\/\/www.radiopresidenteibanez.cl\/web\/wp-json\/wp\/v2\/users\/2"}],"replies":[{"embeddable":true,"href":"https:\/\/www.radiopresidenteibanez.cl\/web\/wp-json\/wp\/v2\/comments?post=430"}],"version-history":[{"count":0,"href":"https:\/\/www.radiopresidenteibanez.cl\/web\/wp-json\/wp\/v2\/posts\/430\/revisions"}],"wp:featuredmedia":[{"embeddable":true,"href":"https:\/\/www.radiopresidenteibanez.cl\/web\/wp-json\/wp\/v2\/media\/431"}],"wp:attachment":[{"href":"https:\/\/www.radiopresidenteibanez.cl\/web\/wp-json\/wp\/v2\/media?parent=430"}],"wp:term":[{"taxonomy":"category","embeddable":true,"href":"https:\/\/www.radiopresidenteibanez.cl\/web\/wp-json\/wp\/v2\/categories?post=430"},{"taxonomy":"post_tag","embeddable":true,"href":"https:\/\/www.radiopresidenteibanez.cl\/web\/wp-json\/wp\/v2\/tags?post=430"}],"curies":[{"name":"wp","href":"https:\/\/api.w.org\/{rel}","templated":true}]}}