{"id":42984,"date":"2023-09-27T08:19:00","date_gmt":"2023-09-27T11:19:00","guid":{"rendered":"https:\/\/www.radiopresidenteibanez.cl\/web\/?p=42984"},"modified":"2023-09-27T08:10:06","modified_gmt":"2023-09-27T11:10:06","slug":"jornadas-ciudadanas-del-registro-civilpara-personas-mayores-de-magallanes","status":"publish","type":"post","link":"https:\/\/www.radiopresidenteibanez.cl\/web\/jornadas-ciudadanas-del-registro-civilpara-personas-mayores-de-magallanes\/","title":{"rendered":"JORNADAS CIUDADANAS DEL REGISTRO CIVILPARA PERSONAS MAYORES DE MAGALLANES"},"content":{"rendered":"\n<p>Alrededor de ochenta dirigentes y dirigentas de la tercera edad de Punta Arenas vivieron esta<br>ma\u00f1ana una oportunidad \u00fanica para profundizar en la difusi\u00f3n y mejorar el conocimiento y<br>herramientas que el Servicio de Registro Civil e Identificaci\u00f3n ha dispuesto a trav\u00e9s de sus<br>diferentes plataformas de atenci\u00f3n. Todos ellos formaron parte de una interactiva \u201cJornada<br>Ciudadana\u201d que realizaron la Unidad de Participaci\u00f3n Ciudadana del Registro Civil junto al Servicio<br>Nacional del Adulto Mayor (SENAMA), en los salones del Hotel Diego de Almagro.<\/p>\n\n\n\n<p>Para dar mayor realce a esta cita, la actividad cont\u00f3 con la presencia del Director Nacional del<br>Registro Civil, Omar Morales M\u00e1rquez; la Seremi de Justicia y Derechos Humanos, Michelle Peutat<br>Alvarado; y el Director Regional (S) del servicio, Francisco Javier Vera Fierro. La iniciativa logr\u00f3 su<br>prop\u00f3sito de encaminar un productivo di\u00e1logo en torno a distintas materias de inter\u00e9s de la<br>ciudadan\u00eda, en el marco de su actual proceso de modernizaci\u00f3n del Registro Civil, como el tr\u00e1mite<br>de Posesi\u00f3n Efectiva y el Nuevo Modelo de Atenci\u00f3n Integral de que disponen, entre otras.<\/p>\n\n\n\n<p>En la oportunidad, el Director Nacional Omar Morales se mostr\u00f3 muy contento de llegar a<br>Magallanes, \u201cuna regi\u00f3n muy importante en el desarrollo de las pol\u00edticas del Registro Civil, y el que<br>podamos tener este encuentro enfocado en el desarrollo y la implementaci\u00f3n de nuestras pol\u00edticas<br>de trabajo, especialmente por los adultos mayores, cuya interconexi\u00f3n ha ido mejorando nuestro<br>servicio\u201d. Aun cuando la pandemia los oblig\u00f3 tambi\u00e9n a generar algunos temas por Internet,<br>subray\u00f3 que en sus oficinas mantienen una pol\u00edtica de trabajo en relaci\u00f3n directa con sus usuarios,<br>especialmente con los adultos mayores, y cuyo rol prioritario los obliga tambi\u00e9n a tener una mejor<br>atenci\u00f3n, simplificando su tramitaci\u00f3n para brindar un servicio eficiente.<\/p>\n\n\n\n<p>La Seremi Michelle Peutat agradeci\u00f3 la importante convocatoria a esta instancia de participaci\u00f3n<br>que permite a un servicio tan importante y presente en nuestra vida cotidiana, como el Registro<br>Civil, reconectarse con la ciudadan\u00eda y alinearse con las demandas e inquietudes de sus usuarios y<br>usuarias, valorando a la vez sus permanentes mejoras y fundamental aporte para la labor que<br>desarrolla el sector Justicia, con un enfoque de mayor participaci\u00f3n y m\u00e1s presencia en el<br>territorio, para entregar un acceso m\u00e1s igualitario a la justicia en toda la regi\u00f3n.<\/p>\n\n\n\n<p>Entre las participantes, Rosario \u00c1guila R\u00edos, tesorera del Club de Adulto Mayor \u201cEsperanza\u201d de<br>poblaci\u00f3n Jorge Cvitanic, destac\u00f3 el ser invitados a instancias como esta, al sentirse tomados en<br>cuenta y hacerse parte de tem\u00e1ticas que les son importantes e interesantes. Agreg\u00f3 que es la<br>primera vez que es invitada por el Registro Civil a una jornada participativa, y valor\u00f3 que los<br>servicios se acerquen a la ciudadan\u00eda para poder tener una coordinaci\u00f3n m\u00e1s cercana.<\/p>\n\n\n\n<p>Miguel Asencio Arteaga, presidente del Club de Adulto Mayor \u201cNorma Nuestra Esperanza\u201d, indic\u00f3<br>que todos estos temas son importantes, especialmente todo lo que tiene que ver con el Registro<br>Civil y, en especial, \u201cla posesi\u00f3n efectiva y todo lo que es herencia. Es importante saberlo, porque<br>entre los adultos mayores tenemos que cooperar con la informaci\u00f3n de c\u00f3mo llegar a ella,<br>entonces aqu\u00ed uno se informa y retransmite a los grupos\u201d.<\/p>\n\n\n\n<p>Por su parte, Sandra Alvarado Miranda, profesional de Apoyo del SENAMA, destac\u00f3 que como<br>instituci\u00f3n est\u00e1n muy interesados en un envejecimiento digno, activo y saludable para las<br>personas mayores, y en este sentido es muy relevante el acceso a la informaci\u00f3n como principal<br>derecho. De ah\u00ed la relevancia de poder apoyar esta actividad, en el marco del convenio de<br>colaboraci\u00f3n que mantienen con el Registro Civil, al abordar materias como la obtenci\u00f3n del<br>tr\u00e1mite de posesi\u00f3n efectiva, que se ver\u00e1 facilitado para que las personas puedan hacer este tipo<br>de gestiones.<\/p>\n","protected":false},"excerpt":{"rendered":"<p>Alrededor de ochenta dirigentes y dirigentas de la tercera edad de Punta Arenas vivieron estama\u00f1ana una oportunidad \u00fanica para profundizar en la difusi\u00f3n y mejorar el conocimiento yherramientas que el&#8230; <a class=\"read-more\" href=\"https:\/\/www.radiopresidenteibanez.cl\/web\/jornadas-ciudadanas-del-registro-civilpara-personas-mayores-de-magallanes\/\">Leer m\u00e1s<\/a><\/p>\n","protected":false},"author":2,"featured_media":42985,"comment_status":"closed","ping_status":"closed","sticky":false,"template":"","format":"standard","meta":{"footnotes":""},"categories":[1],"tags":[],"class_list":["post-42984","post","type-post","status-publish","format-standard","has-post-thumbnail","hentry","category-cronica"],"_links":{"self":[{"href":"https:\/\/www.radiopresidenteibanez.cl\/web\/wp-json\/wp\/v2\/posts\/42984","targetHints":{"allow":["GET"]}}],"collection":[{"href":"https:\/\/www.radiopresidenteibanez.cl\/web\/wp-json\/wp\/v2\/posts"}],"about":[{"href":"https:\/\/www.radiopresidenteibanez.cl\/web\/wp-json\/wp\/v2\/types\/post"}],"author":[{"embeddable":true,"href":"https:\/\/www.radiopresidenteibanez.cl\/web\/wp-json\/wp\/v2\/users\/2"}],"replies":[{"embeddable":true,"href":"https:\/\/www.radiopresidenteibanez.cl\/web\/wp-json\/wp\/v2\/comments?post=42984"}],"version-history":[{"count":0,"href":"https:\/\/www.radiopresidenteibanez.cl\/web\/wp-json\/wp\/v2\/posts\/42984\/revisions"}],"wp:featuredmedia":[{"embeddable":true,"href":"https:\/\/www.radiopresidenteibanez.cl\/web\/wp-json\/wp\/v2\/media\/42985"}],"wp:attachment":[{"href":"https:\/\/www.radiopresidenteibanez.cl\/web\/wp-json\/wp\/v2\/media?parent=42984"}],"wp:term":[{"taxonomy":"category","embeddable":true,"href":"https:\/\/www.radiopresidenteibanez.cl\/web\/wp-json\/wp\/v2\/categories?post=42984"},{"taxonomy":"post_tag","embeddable":true,"href":"https:\/\/www.radiopresidenteibanez.cl\/web\/wp-json\/wp\/v2\/tags?post=42984"}],"curies":[{"name":"wp","href":"https:\/\/api.w.org\/{rel}","templated":true}]}}