{"id":42981,"date":"2023-09-26T18:13:00","date_gmt":"2023-09-26T21:13:00","guid":{"rendered":"https:\/\/www.radiopresidenteibanez.cl\/web\/?p=42981"},"modified":"2023-09-26T15:46:51","modified_gmt":"2023-09-26T18:46:51","slug":"museo-de-rio-seco-recibe-material-educativo-antartico-por-parte-de-inach","status":"publish","type":"post","link":"https:\/\/www.radiopresidenteibanez.cl\/web\/museo-de-rio-seco-recibe-material-educativo-antartico-por-parte-de-inach\/","title":{"rendered":"MUSEO DE RIO SECO RECIBE MATERIAL EDUCATIVO ANTARTICO POR PARTE DE INACH"},"content":{"rendered":"\n<p>Cerca de una veintena de libros ant\u00e1rticos y material educativo relacionado con el Continente Blanco entreg\u00f3 el Instituto Ant\u00e1rtico Chileno (INACH) a la biblioteca del Museo de Historia Natural de R\u00edo Seco. Los textos, que en su mayor\u00eda son elaborados por el propio instituto, van desde la Enciclopedia Visual de la Ant\u00e1rtica, pasando por el Bolet\u00edn Ant\u00e1rtico Chileno (Bach) y la revista de divulgaci\u00f3n cient\u00edfica en idioma ingl\u00e9s\u201d Ilaia\u201d.<\/p>\n\n\n\n<p>El director del Museo de R\u00edo Seco, Miguel C\u00e1ceres, se\u00f1al\u00f3 que \u201ces una contribuci\u00f3n m\u00e1s que hemos tenido por parte del Instituto Ant\u00e1rtico Chileno, y que viene a robustecer la misi\u00f3n de nuestra biblioteca, la cual es ir ampli\u00e1ndose en distintas visiones y miradas, y por supuesto una de ellas es la Ant\u00e1rtica que estaba ausente de nuestro pr\u00e9stamo bibliotecario. Estamos muy contentos, y es un paso m\u00e1s para ir efectuando colaboraci\u00f3n con distintas instituciones de la regi\u00f3n\u201d.<\/p>\n\n\n\n<p>Irma Ojeda, encargada de la biblioteca del museo, apunt\u00f3 que \u201ccontamos con un espacio para textos relacionados a la investigaci\u00f3n naturalista, y esta entrega de material ant\u00e1rtico es muy oportuna, porque muchos de los que pasan por este espacio vienen a investigar el Continente Blanco\u201d. Ojeda, resalt\u00f3 que desde ahora puedan contar tambi\u00e9n con material polar para ni\u00f1os y ni\u00f1as.<\/p>\n\n\n\n<p>Para finalizar, Reiner Canales, editor general del instituto polar, coment\u00f3 que \u201cel INACH ha aumentado la producci\u00f3n de material educativo sobre la Ant\u00e1rtica en el \u00faltimo tiempo. Es un material muy variado y dirigido a diversos p\u00fablicos incluyendo ni\u00f1as, ni\u00f1os y j\u00f3venes. Todo est\u00e1 disponible en formato digital en nuestro sitio web y, en cuanto a las versiones impresas, estamos entreg\u00e1ndolas a diversas bibliotecas escolares, especialmente de Magallanes. En este caso, visitamos la biblioteca del Museo de Historia Natural de R\u00edo Seco, que est\u00e1 abierta a la comunidad del sector y nos complace apoyarlos para que tengan un rinc\u00f3n dedicado al Continente Blanco\u00bb.<\/p>\n","protected":false},"excerpt":{"rendered":"<p>Cerca de una veintena de libros ant\u00e1rticos y material educativo relacionado con el Continente Blanco entreg\u00f3 el Instituto Ant\u00e1rtico Chileno (INACH) a la biblioteca del Museo de Historia Natural de&#8230; <a class=\"read-more\" href=\"https:\/\/www.radiopresidenteibanez.cl\/web\/museo-de-rio-seco-recibe-material-educativo-antartico-por-parte-de-inach\/\">Leer m\u00e1s<\/a><\/p>\n","protected":false},"author":2,"featured_media":42982,"comment_status":"closed","ping_status":"closed","sticky":false,"template":"","format":"standard","meta":{"footnotes":""},"categories":[1],"tags":[],"class_list":["post-42981","post","type-post","status-publish","format-standard","has-post-thumbnail","hentry","category-cronica"],"_links":{"self":[{"href":"https:\/\/www.radiopresidenteibanez.cl\/web\/wp-json\/wp\/v2\/posts\/42981","targetHints":{"allow":["GET"]}}],"collection":[{"href":"https:\/\/www.radiopresidenteibanez.cl\/web\/wp-json\/wp\/v2\/posts"}],"about":[{"href":"https:\/\/www.radiopresidenteibanez.cl\/web\/wp-json\/wp\/v2\/types\/post"}],"author":[{"embeddable":true,"href":"https:\/\/www.radiopresidenteibanez.cl\/web\/wp-json\/wp\/v2\/users\/2"}],"replies":[{"embeddable":true,"href":"https:\/\/www.radiopresidenteibanez.cl\/web\/wp-json\/wp\/v2\/comments?post=42981"}],"version-history":[{"count":0,"href":"https:\/\/www.radiopresidenteibanez.cl\/web\/wp-json\/wp\/v2\/posts\/42981\/revisions"}],"wp:featuredmedia":[{"embeddable":true,"href":"https:\/\/www.radiopresidenteibanez.cl\/web\/wp-json\/wp\/v2\/media\/42982"}],"wp:attachment":[{"href":"https:\/\/www.radiopresidenteibanez.cl\/web\/wp-json\/wp\/v2\/media?parent=42981"}],"wp:term":[{"taxonomy":"category","embeddable":true,"href":"https:\/\/www.radiopresidenteibanez.cl\/web\/wp-json\/wp\/v2\/categories?post=42981"},{"taxonomy":"post_tag","embeddable":true,"href":"https:\/\/www.radiopresidenteibanez.cl\/web\/wp-json\/wp\/v2\/tags?post=42981"}],"curies":[{"name":"wp","href":"https:\/\/api.w.org\/{rel}","templated":true}]}}