{"id":4298,"date":"2019-05-16T14:56:37","date_gmt":"2019-05-16T14:56:37","guid":{"rendered":"http:\/\/www.radiopresidenteibanez.cl\/web\/?p=4298"},"modified":"2019-05-16T14:57:21","modified_gmt":"2019-05-16T14:57:21","slug":"junaeb-potencia-programa-de-salud-oral-del-estudiante","status":"publish","type":"post","link":"https:\/\/www.radiopresidenteibanez.cl\/web\/junaeb-potencia-programa-de-salud-oral-del-estudiante\/","title":{"rendered":"JUNAEB POTENCIA PROGRAMA DE SALUD ORAL DEL ESTUDIANTE"},"content":{"rendered":"\n<p>El Programa Salud Oral forma parte de las l\u00edneas program\u00e1ticas insertas en el Programa Salud del Estudiante de JUNAEB, cuyo objetivo es contribuir a mejorar la salud bucal de los escolares desde pre k\u00ednder a 8vo b\u00e1sico a trav\u00e9s de acciones odontol\u00f3gicas que permitan evitar el ausentismo escolar a causa de enfermedades bucales.<\/p>\n\n\n\n<p>En ese contexto y dado que el programa se encuentra en plena ejecuci\u00f3n, Junaeb llev\u00f3 a cabo una jornada de coordinaci\u00f3n y evaluaci\u00f3n con los equipos colaboradores, para mejorar la implementaci\u00f3n del programa y fortalecer la gesti\u00f3n curativa, promocional y educativa desarrollada por los equipos ejecutores del Programa Salud Oral, entregando herramientas innovadoras que contribuyan a la adecuada adhesi\u00f3n de los usuarios al programa.<\/p>\n\n\n\n<p>En la actividad estuvo presente la Seremi de Educaci\u00f3n de Magallanes, Beatriz S\u00e1nchez quien destac\u00f3 el trabajo desarrollado por los profesionales odont\u00f3logos, \u201ceste programa es esencial, dado que contribuye a mejorar la salud bucal de los estudiantes evitando el ausentismo escolar a causa de enfermedades bucales. Personalmente y en mi labor de docente, pude observar el trabajo realizado, la atenci\u00f3n entregada a los ni\u00f1os y j\u00f3venes, y destaco la entrega, profesionalismo y dedicaci\u00f3n de estos odont\u00f3logos. El trabajo mancomunado de estos profesionales, de los docentes busca ser un aporte en reducir la brecha social\u201d, acot\u00f3 la autoridad.<\/p>\n\n\n\n<p>La jornada incluy\u00f3 adem\u00e1s la actualizaci\u00f3n de lineamientos institucionales para el presente a\u00f1o, el \u201cTaller Magicoterapia\u201d, \u201ciniciativa que se est\u00e1 aplicando, que ha demostrado mucha utilidad en la innovaci\u00f3n de estrategias que permitan mejorar el componente educativo y la presentaci\u00f3n de tem\u00e1ticas de intervenci\u00f3n curativa desde la odontopediatr\u00eda, tan importante para el quehacer laboral diario de los equipos\u201d agreg\u00f3 Vila Aedo, Directora Regional (S) de Junaeb.<\/p>\n\n\n\n<p>Juaneb tambi\u00e9n destac\u00f3 que, a&nbsp;nivel regional, el programa se ejecuta en 8 m\u00f3dulos dentales situados en las comunas de Punta Arenas, Laguna Blanca, Natales, Torres del Payne, Cabo de Hornos, Primavera, Timaukel y Porvenir, logrando abarcar 29 establecimientos educacionales, con una cobertura de 2.592 prestaciones que representan una inversi\u00f3n de $ 136.145.670.<\/p>\n\n\n\n<p>A los m\u00f3dulos de atenci\u00f3n, se agreg\u00f3 desde noviembre del a\u00f1o 2018,\u00a0 un m\u00f3dulo dental m\u00f3vil que fue inaugurado en la comuna de Porvenir, el que beneficiar\u00e1 directamente a cientos de estudiantes de esa alejada comuna.<\/p>\n\n\n\n<figure class=\"wp-block-image\"><img loading=\"lazy\" decoding=\"async\" width=\"900\" height=\"600\" src=\"https:\/\/www.radiopresidenteibanez.cl\/web\/wp-content\/uploads\/2019\/05\/IMG_2161.jpg\" alt=\"\" class=\"wp-image-4299\" srcset=\"https:\/\/www.radiopresidenteibanez.cl\/web\/wp-content\/uploads\/2019\/05\/IMG_2161.jpg 900w, https:\/\/www.radiopresidenteibanez.cl\/web\/wp-content\/uploads\/2019\/05\/IMG_2161-300x200.jpg 300w, https:\/\/www.radiopresidenteibanez.cl\/web\/wp-content\/uploads\/2019\/05\/IMG_2161-768x512.jpg 768w\" sizes=\"auto, (max-width: 900px) 100vw, 900px\" \/><\/figure>\n","protected":false},"excerpt":{"rendered":"<p>El Programa Salud Oral forma parte de las l\u00edneas program\u00e1ticas insertas en el Programa Salud del Estudiante de JUNAEB, cuyo objetivo es contribuir a mejorar la salud bucal de los&#8230; <a class=\"read-more\" href=\"https:\/\/www.radiopresidenteibanez.cl\/web\/junaeb-potencia-programa-de-salud-oral-del-estudiante\/\">Leer m\u00e1s<\/a><\/p>\n","protected":false},"author":2,"featured_media":4299,"comment_status":"closed","ping_status":"closed","sticky":false,"template":"","format":"standard","meta":{"footnotes":""},"categories":[1],"tags":[],"class_list":["post-4298","post","type-post","status-publish","format-standard","has-post-thumbnail","hentry","category-cronica"],"_links":{"self":[{"href":"https:\/\/www.radiopresidenteibanez.cl\/web\/wp-json\/wp\/v2\/posts\/4298","targetHints":{"allow":["GET"]}}],"collection":[{"href":"https:\/\/www.radiopresidenteibanez.cl\/web\/wp-json\/wp\/v2\/posts"}],"about":[{"href":"https:\/\/www.radiopresidenteibanez.cl\/web\/wp-json\/wp\/v2\/types\/post"}],"author":[{"embeddable":true,"href":"https:\/\/www.radiopresidenteibanez.cl\/web\/wp-json\/wp\/v2\/users\/2"}],"replies":[{"embeddable":true,"href":"https:\/\/www.radiopresidenteibanez.cl\/web\/wp-json\/wp\/v2\/comments?post=4298"}],"version-history":[{"count":0,"href":"https:\/\/www.radiopresidenteibanez.cl\/web\/wp-json\/wp\/v2\/posts\/4298\/revisions"}],"wp:featuredmedia":[{"embeddable":true,"href":"https:\/\/www.radiopresidenteibanez.cl\/web\/wp-json\/wp\/v2\/media\/4299"}],"wp:attachment":[{"href":"https:\/\/www.radiopresidenteibanez.cl\/web\/wp-json\/wp\/v2\/media?parent=4298"}],"wp:term":[{"taxonomy":"category","embeddable":true,"href":"https:\/\/www.radiopresidenteibanez.cl\/web\/wp-json\/wp\/v2\/categories?post=4298"},{"taxonomy":"post_tag","embeddable":true,"href":"https:\/\/www.radiopresidenteibanez.cl\/web\/wp-json\/wp\/v2\/tags?post=4298"}],"curies":[{"name":"wp","href":"https:\/\/api.w.org\/{rel}","templated":true}]}}