{"id":4295,"date":"2019-05-16T14:50:08","date_gmt":"2019-05-16T14:50:08","guid":{"rendered":"http:\/\/www.radiopresidenteibanez.cl\/web\/?p=4295"},"modified":"2019-05-16T14:50:36","modified_gmt":"2019-05-16T14:50:36","slug":"protesis-de-rodilla-bisagra-permitio-a-paciente-postrada-ponerse-de-pie","status":"publish","type":"post","link":"https:\/\/www.radiopresidenteibanez.cl\/web\/protesis-de-rodilla-bisagra-permitio-a-paciente-postrada-ponerse-de-pie\/","title":{"rendered":"PR\u00d3TESIS DE RODILLA BISAGRA PERMITI\u00d3 A PACIENTE POSTRADA PONERSE DE PIE"},"content":{"rendered":"\n<p>A fines de febrero\npasado, Marina C\u00e1rdenas de 71 a\u00f1os pudo iniciar lo que ser\u00eda una nueva\noportunidad en su vida. Despu\u00e9s a\u00f1os &nbsp;postrada\nen una silla de ruedas tras una fuerte ca\u00edda que produjo que su r\u00f3tula saliera\nde lugar, lleg\u00f3 el d\u00eda en que se someti\u00f3 a una cirug\u00eda de pr\u00f3tesis bisagra que\npermiti\u00f3 ponerse de pie y dar de a poco, sus primeros pasos. <\/p>\n\n\n\n<p>El equipo a cargo\nde la cirug\u00eda de la Sra. Marina estuvo encabezado por el Dr. Patricio Soler,\ntraumat\u00f3logo HCM, &nbsp;quien despu\u00e9s de\nvarias reuniones m\u00e9dicas,&nbsp; decidi\u00f3\naceptar el desaf\u00edo de realizar esta compleja cirug\u00eda.&nbsp; \u201cLa pierna derecha de la paciente ten\u00eda una\nartrosis severa, anquilosada, luxada y con destrucci\u00f3n de los ligamentos y\nten\u00eda el aparato tensor en la parte posterior de la rodilla; es decir, era una\nrodilla deformada con huesos de muy mala calidad debido a su estado de\npostraci\u00f3n lo que hac\u00eda una cirug\u00eda muy compleja\u201d, se\u00f1al\u00f3 el profesional. <\/p>\n\n\n\n<p>La pr\u00f3tesis bisagra\nse implanta en casos de grandes desastres de rodilla y posee un sistema\nmec\u00e1nico que permite prescindir de las partes blandas de la rodilla, lo que\nhace que sea una cirug\u00eda con riesgo, de dificultad quir\u00fargica y por lo tanto una\nmayor recuperaci\u00f3n y una larga rehabilitaci\u00f3n.&nbsp;\n<\/p>\n\n\n\n<p>\u201cPor a\u00f1os sufr\u00ed de\ndolores intensos despu\u00e9s que me ca\u00ed desde un cerco, estaba postrada sin poder\nponerme de pie. Le agradezco enormemente al Hospital Cl\u00ednico Magallanes y al\nDr. Soler por haber decidido operarme ya que&nbsp;\nen todo momento me advirti\u00f3 que era una operaci\u00f3n complicada. Hoy me\npuedo poner de pie y dormir tranquila\u201d, se\u00f1al\u00f3 la Sra. Marina muy emocionada. <\/p>\n\n\n\n<p>Finalmente, el Subdirector M\u00e9dico HCM, Dr. Claudio Barr\u00eda se\u00f1al\u00f3 que es importante tener al personal y los\u00a0 especialistas capacitados en cirug\u00edas complejas y mantener especialistas en formaci\u00f3n para la atenci\u00f3n de la comunidad, \u201cSaber que existen casos complejos, con efectos \u00f3seos severos\u00a0 que impiden una \u00f3ptima calidad de vida y que pueden ser resueltas por un equipo competente, evitando el traslado a otras partes del pa\u00eds significa que tanto el hospital como el paciente se ven beneficiados. Por una parte es una menor morbilidad para la red de salud y por otra, el usuario ve una mejora sustancial en su calidad de vida y todo resuelto a nivel local\u201d. <\/p>\n\n\n\n<figure class=\"wp-block-image\"><img loading=\"lazy\" decoding=\"async\" width=\"900\" height=\"600\" src=\"https:\/\/www.radiopresidenteibanez.cl\/web\/wp-content\/uploads\/2019\/05\/IMG_5211.jpg\" alt=\"\" class=\"wp-image-4296\" srcset=\"https:\/\/www.radiopresidenteibanez.cl\/web\/wp-content\/uploads\/2019\/05\/IMG_5211.jpg 900w, https:\/\/www.radiopresidenteibanez.cl\/web\/wp-content\/uploads\/2019\/05\/IMG_5211-300x200.jpg 300w, https:\/\/www.radiopresidenteibanez.cl\/web\/wp-content\/uploads\/2019\/05\/IMG_5211-768x512.jpg 768w\" sizes=\"auto, (max-width: 900px) 100vw, 900px\" \/><\/figure>\n","protected":false},"excerpt":{"rendered":"<p>A fines de febrero pasado, Marina C\u00e1rdenas de 71 a\u00f1os pudo iniciar lo que ser\u00eda una nueva oportunidad en su vida. Despu\u00e9s a\u00f1os &nbsp;postrada en una silla de ruedas tras&#8230; <a class=\"read-more\" href=\"https:\/\/www.radiopresidenteibanez.cl\/web\/protesis-de-rodilla-bisagra-permitio-a-paciente-postrada-ponerse-de-pie\/\">Leer m\u00e1s<\/a><\/p>\n","protected":false},"author":2,"featured_media":4296,"comment_status":"closed","ping_status":"closed","sticky":false,"template":"","format":"standard","meta":{"footnotes":""},"categories":[1],"tags":[],"class_list":["post-4295","post","type-post","status-publish","format-standard","has-post-thumbnail","hentry","category-cronica"],"_links":{"self":[{"href":"https:\/\/www.radiopresidenteibanez.cl\/web\/wp-json\/wp\/v2\/posts\/4295","targetHints":{"allow":["GET"]}}],"collection":[{"href":"https:\/\/www.radiopresidenteibanez.cl\/web\/wp-json\/wp\/v2\/posts"}],"about":[{"href":"https:\/\/www.radiopresidenteibanez.cl\/web\/wp-json\/wp\/v2\/types\/post"}],"author":[{"embeddable":true,"href":"https:\/\/www.radiopresidenteibanez.cl\/web\/wp-json\/wp\/v2\/users\/2"}],"replies":[{"embeddable":true,"href":"https:\/\/www.radiopresidenteibanez.cl\/web\/wp-json\/wp\/v2\/comments?post=4295"}],"version-history":[{"count":0,"href":"https:\/\/www.radiopresidenteibanez.cl\/web\/wp-json\/wp\/v2\/posts\/4295\/revisions"}],"wp:featuredmedia":[{"embeddable":true,"href":"https:\/\/www.radiopresidenteibanez.cl\/web\/wp-json\/wp\/v2\/media\/4296"}],"wp:attachment":[{"href":"https:\/\/www.radiopresidenteibanez.cl\/web\/wp-json\/wp\/v2\/media?parent=4295"}],"wp:term":[{"taxonomy":"category","embeddable":true,"href":"https:\/\/www.radiopresidenteibanez.cl\/web\/wp-json\/wp\/v2\/categories?post=4295"},{"taxonomy":"post_tag","embeddable":true,"href":"https:\/\/www.radiopresidenteibanez.cl\/web\/wp-json\/wp\/v2\/tags?post=4295"}],"curies":[{"name":"wp","href":"https:\/\/api.w.org\/{rel}","templated":true}]}}