{"id":42934,"date":"2023-09-25T11:33:00","date_gmt":"2023-09-25T14:33:00","guid":{"rendered":"https:\/\/www.radiopresidenteibanez.cl\/web\/?p=42934"},"modified":"2023-09-25T10:35:39","modified_gmt":"2023-09-25T13:35:39","slug":"seremi-economia-se-reunio-con-representantes-de-pescadores-artesanales-independientes-y-gremios-de-turismo-de-ultima-esperanza","status":"publish","type":"post","link":"https:\/\/www.radiopresidenteibanez.cl\/web\/seremi-economia-se-reunio-con-representantes-de-pescadores-artesanales-independientes-y-gremios-de-turismo-de-ultima-esperanza\/","title":{"rendered":"SEREMI ECONOMIA SE REUNIO CON REPRESENTANTES DE PESCADORES ARTESANALES INDEPENDIENTES Y GREMIOS DE TURISMO DE ULTIMA ESPERANZA"},"content":{"rendered":"\n<p>El s\u00e1bado 23 de septiembre pasada las 10:00 horas, la Seremi de Econom\u00eda,<br>Fomento y Turismo, Marlene Espa\u00f1a junto a la Delegada Presidencial Provincial de<br>\u00daltima Esperanza, Romina Alvarez se reunieron con representantes de armadores y<br>buzos independientes de Puerto Natales. Dicha reuni\u00f3n fue parte de los puntos del<br>petitorio entregado por este grupo de pescadores artesanales el mi\u00e9rcoles 20 de<br>septiembre, a la Delegaci\u00f3n Provincial de \u00daltima Esperanza, jornada en que ellos se<br>tomaron la calzada de acceso a Puerto Natales.<br>Cabe destacar que estos representantes tambi\u00e9n fueron parte de reuni\u00f3n que se<br>convoc\u00f3 el viernes 22 por el Delegado Presidencial Regional, Jos\u00e9 Ruiz Pivcevic.<br>Dado el inter\u00e9s en continuar el di\u00e1logo con el gobierno, en la misma jornada de<br>acord\u00f3 dicha reuni\u00f3n para el d\u00eda siguiente.<br>En la cita, los representantes informaron a las autoridades que como grupo se<br>separaron del movimiento sindical de Punta Arenas, acto que fue comunicado a los<br>dirigentes del Sindicato Sur Austral el mismo viernes en la noche. Tambi\u00e9n<br>manifestaron que entienden que mediante el di\u00e1logo es posible resolver el<br>conflicto y dar a conocer su posici\u00f3n.<br>Hicieron hincapi\u00e9 que su inter\u00e9s principal es poder trabajar y comenzar lo antes<br>posible la faena de la Luga Roja en la provincia. En la misma reuni\u00f3n, se dieron a<br>conocer las gestiones que se est\u00e1n realizando como gobierno respecto al fomento<br>y desarrollo de la pesca artesanal, adicionalmente el grupo de armadores y buzos,<br>manifestaron las problem\u00e1ticas espec\u00edficas que vive el sector en Puerto Natales.<br>En consecuencia, se acord\u00f3 seguir con los di\u00e1logos y las autoridades se<br>comprometieron a revisar las situaciones expuestas por el sector y que les est\u00e1n<br>afectado hace meses.<\/p>\n\n\n\n<p>Para la Seremi de Econom\u00eda, Marlene Espa\u00f1a, esta jornada trajo buenas noticias.<br>\u201cValoro mucho la disposici\u00f3n de este grupo de pescadores artesanales<br>independientes, que decidieron descolgarse del movimiento de Punta Arenas y<br>optaron por el camino del di\u00e1logo, lo cual es una gran noticia, porque es la manera<br>m\u00e1s adecuada de resolver los conflictos\u201d, destac\u00f3 Espa\u00f1a.<\/p>\n\n\n\n<p>Gremios turismo y comercio<br>El mismo d\u00eda, ambas autoridades tambi\u00e9n reunieron con los Gremios de turismo de<br>\u00daltima Esperanza y Punta Arenas y Comercio Detallista de Puerto Natales, quienes<br>dieron a conocer sus demandas respecto a protocolos m\u00e1s eficientes ante<br>incidentes por tomas de ruta y otras situaciones que pudiesen alterar el desarrollo<br>normal de otras actividades productivas de la provincia, como el turismo y<br>comercio.<br>En esta reuni\u00f3n, se les entreg\u00f3 todos los detalles de la situaci\u00f3n ocurrida durante<br>las pasadas semanas. Adem\u00e1s, se les inform\u00f3 las gestiones y esfuerzos que ha<br>realizado el Gobierno para evitar el escalamiento y recrudecimiento de las acciones<br>generadas por el movimiento sindical formado por algunos pescadores artesanales.<br>En la misma l\u00ednea, se dio cuenta que el Gobierno del Presidente Gabriel Boric busca<br>resolver los conflictos de manera pac\u00edfica y con di\u00e1logo, y es lo que se ha estado<br>haciendo.<br>Para finalizar, la l\u00edder de la cartera econ\u00f3mica, recalc\u00f3 \u201ccomo todos los<br>magall\u00e1nicos, he sido testigo de estos eventos de corte de ruta y del estado en que<br>quedan los pavimentos y el entorno, por lo tanto, en lo personal y como Gobierno<br>no solo empatizamos con los sectores que se han visto afectados por estas<br>movilizaciones, sino que tambi\u00e9n nos comprometemos a trabajar en las estrategias<br>y revisar protocolos en materia de seguridad y orden p\u00fablico con el Delegado<br>Presidencial, la Delegada Provincial de Ultima Esperanza y la Coordinadora de<br>Seguridad P\u00fablica\u201d indic\u00f3 la seremi.<br>En los pr\u00f3ximos d\u00edas se coordinar\u00e1 una reuni\u00f3n para trabajar en aquellas demandas<br>presentadas por los gremios del Turismo.<\/p>\n","protected":false},"excerpt":{"rendered":"<p>El s\u00e1bado 23 de septiembre pasada las 10:00 horas, la Seremi de Econom\u00eda,Fomento y Turismo, Marlene Espa\u00f1a junto a la Delegada Presidencial Provincial de\u00daltima Esperanza, Romina Alvarez se reunieron con&#8230; <a class=\"read-more\" href=\"https:\/\/www.radiopresidenteibanez.cl\/web\/seremi-economia-se-reunio-con-representantes-de-pescadores-artesanales-independientes-y-gremios-de-turismo-de-ultima-esperanza\/\">Leer m\u00e1s<\/a><\/p>\n","protected":false},"author":2,"featured_media":42935,"comment_status":"closed","ping_status":"closed","sticky":false,"template":"","format":"standard","meta":{"footnotes":""},"categories":[1],"tags":[],"class_list":["post-42934","post","type-post","status-publish","format-standard","has-post-thumbnail","hentry","category-cronica"],"_links":{"self":[{"href":"https:\/\/www.radiopresidenteibanez.cl\/web\/wp-json\/wp\/v2\/posts\/42934","targetHints":{"allow":["GET"]}}],"collection":[{"href":"https:\/\/www.radiopresidenteibanez.cl\/web\/wp-json\/wp\/v2\/posts"}],"about":[{"href":"https:\/\/www.radiopresidenteibanez.cl\/web\/wp-json\/wp\/v2\/types\/post"}],"author":[{"embeddable":true,"href":"https:\/\/www.radiopresidenteibanez.cl\/web\/wp-json\/wp\/v2\/users\/2"}],"replies":[{"embeddable":true,"href":"https:\/\/www.radiopresidenteibanez.cl\/web\/wp-json\/wp\/v2\/comments?post=42934"}],"version-history":[{"count":0,"href":"https:\/\/www.radiopresidenteibanez.cl\/web\/wp-json\/wp\/v2\/posts\/42934\/revisions"}],"wp:featuredmedia":[{"embeddable":true,"href":"https:\/\/www.radiopresidenteibanez.cl\/web\/wp-json\/wp\/v2\/media\/42935"}],"wp:attachment":[{"href":"https:\/\/www.radiopresidenteibanez.cl\/web\/wp-json\/wp\/v2\/media?parent=42934"}],"wp:term":[{"taxonomy":"category","embeddable":true,"href":"https:\/\/www.radiopresidenteibanez.cl\/web\/wp-json\/wp\/v2\/categories?post=42934"},{"taxonomy":"post_tag","embeddable":true,"href":"https:\/\/www.radiopresidenteibanez.cl\/web\/wp-json\/wp\/v2\/tags?post=42934"}],"curies":[{"name":"wp","href":"https:\/\/api.w.org\/{rel}","templated":true}]}}