{"id":42931,"date":"2023-09-25T10:20:00","date_gmt":"2023-09-25T13:20:00","guid":{"rendered":"https:\/\/www.radiopresidenteibanez.cl\/web\/?p=42931"},"modified":"2023-09-25T08:43:55","modified_gmt":"2023-09-25T11:43:55","slug":"la-historia-intima-de-silvio-francisco-betancourt-bahamonde","status":"publish","type":"post","link":"https:\/\/www.radiopresidenteibanez.cl\/web\/la-historia-intima-de-silvio-francisco-betancourt-bahamonde\/","title":{"rendered":"LA HISTORIA INTIMA DE SILVIO FRANCISCO BETANCOURT BAHAMONDE"},"content":{"rendered":"\n<p>Por Cristian Morales (Periodista)<\/p>\n\n\n\n<blockquote class=\"wp-block-quote is-layout-flow wp-block-quote-is-layout-flow\">\n<p>Un bigote fino, meticulosamente recortado, adorna su rostro, y una leve sonrisa asoma en sus labios. La mirada parece transmitir un mensaje trascendental, como si estuviera a punto de revelar un secreto bien guardado o lanzar una ocurrencia que desencadenar\u00eda risas contagiosas. Esta imagen en primer plano, que pertenece a Silvio Francisco Bettancourt Bahamonde, se ha convertido en un \u00edcono en Magallanes.&nbsp;<\/p>\n\n\n\n<p>Sin embargo, detr\u00e1s de esta fotograf\u00eda se esconde una conmovedora historia que ilumina los oscuros pasajes de un joven brillante que lleg\u00f3 de San Antonio el a\u00f1o 1968, a la edad de 17 a\u00f1os, a estudiar a Punta Arenas, el primer universitario de su familia, gradu\u00e1ndose como ingeniero de ejecuci\u00f3n en Petroqu\u00edmica en la Universidad T\u00e9cnica del Estado (UTE). Hasta el d\u00eda de hoy, Francisco, \u201cPancho\u201d como todav\u00eda lo llaman sus amigos y \u201cFrancis\u201d su familia, es el \u00fanico detenido desaparecido registrado en la regi\u00f3n de Magallanes, seg\u00fan el Informe Rettig.&nbsp;<\/p>\n\n\n\n<p>\u00ab\u00bfMe veo bien con este abrigo?\u00bb cuestiona Cecilia Bahamonde, su mirada expectante se posa en su hijo Silvio Francisco Bettancourt, quien observa con atenci\u00f3n.<\/p>\n\n\n\n<p>\u00abS\u00ed, mam\u00e1, pero tienes unas hilachas colgando\u00bb, responde con ternura, preocupado por los detalles.<\/p>\n\n\n\n<p>\u00abA ver&#8230; \u00bfc\u00f3mo hilachas?\u00bb, indaga la madre, buscando comprender el comentario de su hijo.<\/p>\n\n\n\n<p>Francisco sonr\u00ede con cari\u00f1o y aclara: \u00abAh, disculpa mam\u00e1, son tus piernas\u00bb.&nbsp;&nbsp;Estalla en risa Cecilia al recordar.&nbsp;<\/p>\n\n\n\n<p>Naci\u00f3 en Santiago, pero su infancia y adolescencia transcurrieron en San Antonio. \u00abFrancis, ten\u00eda un rostro duro, triste, no s\u00e9 por qu\u00e9. Pero era alegre, siempre nos hac\u00eda re\u00edr. Cuando cumpli\u00f3 los 14 a\u00f1os, logr\u00e9 separarme de un matrimonio muy feo, muy dif\u00edcil; \u00e9l se convirti\u00f3 en el hombre de la casa. Yo trabajaba, \u00e9l estudiaba y tambi\u00e9n trabajaba, cobraba por hacerle las tareas a sus compa\u00f1eros, porque siempre fue el alumno n\u00famero uno hasta sexto de humanidades o iba a cortar boletos en las micros, siempre se las arreglaba\u00bb, cuenta Cecilia. Recientemente, fue invitada a presenciar un tard\u00edo homenaje que le hizo ENAP y la Universidad de Magallanes a Francisco, lleg\u00f3 junto a su hija Fanny, la menor. Las otras dos hermanas de \u201cFrancis\u201d son Jenny y Astrid que viven en Suiza y Francia, respectivamente.<\/p>\n\n\n\n<p>Cecilia luce sabia, pronto cumplir\u00e1 90 a\u00f1os de edad. Tiene un paso cansino, unos ojos profundos y a\u00fan mantiene viva la esperanza de saber del paradero de su hijo. Cada d\u00eda que pasa su coraz\u00f3n alberga la ilusi\u00f3n de un reencuentro, pero tambi\u00e9n carga con el pesar de la incertidumbre, con el duelo inconcluso: \u201cporque lo sacaron de la tierra sin dejar rastro\u201d, repite.\u00a0<\/p>\n\n\n\n<p><\/p>\n\n\n\n<p><strong>Estudiante ejemplar<\/strong><\/p>\n\n\n\n<p>\u00abUn d\u00eda me dijo que quer\u00eda estudiar petroqu\u00edmica en Punta Arenas. Para nosotras era el fin del mundo; lo \u00fanico que sab\u00edamos era que hac\u00eda mucho fr\u00edo. &#8216;Mam\u00e1, estuve mirando y es muy caro estar all\u00e1, no va a poder ser&#8217;, me dijo. &#8216;No, te vas, aunque tengamos que lamer pisos con la lengua. No hay nada m\u00e1s triste que estudiar una carrera que no te gusta&#8217;, y lo convenc\u00ed&#8230; Por eso, a veces pienso que yo tuve la culpa\u2026\u00bb, dice con voz quebrada Cecilia.&nbsp;&nbsp;Sus ojos se llenan de l\u00e1grimas\u2026&nbsp;<\/p>\n\n\n\n<p>En 1968, Punta Arenas, con una poblaci\u00f3n de menos de 70 mil habitantes, no contaba con la infraestructura necesaria para albergar a estudiantes. Las pensiones eran escasas, el turismo era incipiente, y reci\u00e9n con la llegada de los universitarios comienza un mercado en el centro de la ciudad con familias que daban alojamiento y pensi\u00f3n completa.&nbsp;&nbsp;La carrera de Ingenier\u00eda en Petroqu\u00edmica, \u00fanica en el pa\u00eds en aquel entonces, ten\u00eda 70 matriculados de los cuales 60 proven\u00edan de otras regiones del pa\u00eds. Ante la escasez de ingenieros para solventar la productividad de ENAP, la llegada de estos j\u00f3venes se convirti\u00f3 en una necesidad apremiante.&nbsp;&nbsp;<\/p>\n\n\n\n<p>Para asegurar su subsistencia, Francisco complementaba sus estudios impartiendo clases de ingl\u00e9s, f\u00edsica y qu\u00edmica a estudiantes de ense\u00f1anza media. Eso sin descuidar sus ramos. Nunca reprob\u00f3. Algo no siempre f\u00e1cil en medio de un ambiente pol\u00edtico ferviente, con gran parte del alumnado militando activamente en partidos. A pesar de las tentadoras propuestas de distintas trincheras pol\u00edticas que recib\u00eda por su carisma y personalidad, Francisco siempre postergaba el paso, porque sosten\u00eda con convicci\u00f3n que para ser un aut\u00e9ntico revolucionario, primero era crucial ser un estudiante ejemplar.&nbsp;&nbsp;\u00abPancho\u00bb, adem\u00e1s de brillar en los estudios, era un destacado voleibolista, y un virtuoso guitarrista.<\/p>\n\n\n\n<p><strong>Vida pol\u00edtica<\/strong><\/p>\n\n\n\n<p>\u201cLo invit\u00e9 al Mapu (Movimiento de Acci\u00f3n Popular Unitaria) varias veces, y como yo llevaba materias de arrastre, me lo enrostraba y me reprochaba por eso. Me dec\u00eda Lucho, t\u00fa tienes que dedicarte a estudiar primero\u2026 Su carisma entusiasmaba y reci\u00e9n el a\u00f1o 1972, cuando ya termin\u00f3 gran parte de los ramos dif\u00edciles ingres\u00f3 a la pol\u00edtica, porque ten\u00eda un esp\u00edritu social y humano y se meti\u00f3 muy de lleno, lleg\u00f3 a ser secretario del Mapu Garret\u00f3n. Era un tipo brillante, un buen elemento, un cabro bien formado\u201d, cuenta Luis C\u00e1rcamo, que tambi\u00e9n ven\u00eda de San Antonio y que hasta hoy mantiene un v\u00ednculo muy estrecho con la familia: \u201cCuando yo iba a San Antonio me ve\u00eda con la mam\u00e1, ella no sab\u00eda nada tampoco y cuando la se\u00f1ora me ve\u00eda era como si viera a su hijo, era mucho llanto y emoci\u00f3n. Sigo siempre visit\u00e1ndola\u201d, sostiene.<\/p>\n\n\n\n<p>Para Luis C\u00e1rcamo, el problema que enfrent\u00f3 Pancho radica en la falta de una red de apoyo en Magallanes. Se\u00f1ala que \u201cno ten\u00eda familia que pudiera buscarlo aqu\u00ed, ni personas que golpearan puertas en su nombre. La \u00fanica red de apoyo eran sus compa\u00f1eros de universidad o militantes del MAPU, desafortunadamente, todos estaban bajo arresto. No tuvo a alguien que lo buscara o que preguntara por \u00e9l. Su familia tambi\u00e9n sufri\u00f3 persecuci\u00f3n en San Antonio y carec\u00edan de los recursos necesarios para realizar un viaje en su b\u00fasqueda\u00bb, plantea.<\/p>\n\n\n\n<p>Eduardo Ojeda, el l\u00edder del Mapu Provincial en la regi\u00f3n, cuenta en el libro \u201cGolpe de Estado en Magallanes\u201d que ayud\u00f3 a que Pancho pudiera hacer su pr\u00e1ctica en ENAP, una labor que realiz\u00f3 de manera destacada, al punto que en el mes de julio de 1973 fue contratado. La mitad de su primer sueldo se lo envi\u00f3 a su madre: \u201cImag\u00ednate, est\u00e1bamos saltando en una pata\u2026 Nunca hab\u00edamos visto tanta plata junta\u201d, dice Cecilia. Luego agrega con admiraci\u00f3n: \u00ab\u00c9l era as\u00ed&#8230; tan generoso\u00bb.&nbsp;&nbsp;En su \u00faltima carta, Pancho le informa a su madre que ya encontr\u00f3 una casa para que todos puedan vivir juntos. \u00abMe escribi\u00f3 que no necesit\u00e1bamos llevar nada, solo lo puesto. Ten\u00eda planeado que nuestro viaje se llevara a cabo en enero o febrero&#8230;\u00bb, detalla Cecilia con nostalgia.<\/p>\n\n\n\n<p><strong>Intento de escape a Gallegos<\/strong><\/p>\n\n\n\n<p>El d\u00eda del golpe militar, Pancho se encontraba en Tierra del Fuego y no fue sino hasta el 13 de septiembre que viaj\u00f3 a Punta Arenas, momento en el que se enter\u00f3 de que su nombre figuraba en la lista de personas buscadas por la dictadura. En ese contexto de brutal represi\u00f3n y allanamientos busc\u00f3 apoyo y contact\u00f3 a Libio P\u00e9rez, hoy periodista, y ex estudiante de la UTE y dirigente del MIR.<\/p>\n\n\n\n<p>Libio P\u00e9rez recuerda ese momento crucial: \u00abMe contact\u00f3 cuando regres\u00f3 de Posesi\u00f3n, probablemente el 13 o 14 de septiembre, para solicitarme apoyo. Ya hab\u00eda tomado la decisi\u00f3n pol\u00edtica de no entregarse\u00bb. La opci\u00f3n m\u00e1s viable que Pancho ten\u00eda en ese momento era cruzar la frontera hacia Argentina, siguiendo el ejemplo de algunos militantes socialistas.<\/p>\n\n\n\n<p>Libio lo llev\u00f3 hasta las afueras de la ciudad y, al despedirse, le entreg\u00f3 su chaqueta con un n\u00famero anotado en el interior de la prenda, correspondiente al n\u00famero de la casa en la que recibir\u00eda ayuda en R\u00edo Gallegos. El nombre de la calle, Roca, qued\u00f3 grabado en su memoria. Fue la \u00faltima vez que Libio lo vio; y tiempo despu\u00e9s, solo en una ocasi\u00f3n los represores lo interrogaron acerca de Pancho Bettancourt, durante su detenci\u00f3n en el Estadio Fiscal.<\/p>\n\n\n\n<p>Desde entonces, Libio P\u00e9rez ha brindado testimonio en repetidas ocasiones. Hoy, el caso, registrado con el rol 4-2011, incluye cargos por secuestro calificado, apremios ileg\u00edtimos, homicidio calificado y asociaci\u00f3n il\u00edcita. El \u00fanico procesado que permanece en calidad de tal, bajo una fianza de un mill\u00f3n 500 mil pesos, es el oficial en retiro de la Armada Patricio Armando Figueroa Domic. La causa, que a\u00fan se mantiene bajo secreto, consta de m\u00e1s de doce tomos, cada uno con m\u00e1s de 500 p\u00e1ginas. Incluye cientos de declaraciones y testimonios que buscan arrojar luz sobre este oscuro episodio de la historia.<\/p>\n\n\n\n<p><strong>Reivindican su caso<\/strong><\/p>\n\n\n\n<p>A finales de los ochenta, el nombre de Francisco Bettancourt resurgi\u00f3 en Punta Arenas, manifest\u00e1ndose principalmente en las protestas, grafitis en las paredes y panfletos. A pesar de los a\u00f1os transcurridos, muchos a\u00fan creen que este joven naci\u00f3 en la ciudad de Punta Arenas. Los datos que circulan con m\u00e1s frecuencia sostienen que fue un detenido desaparecido, estudiante de petroqu\u00edmica y miembro del Mapu. La fecha de su detenci\u00f3n tambi\u00e9n es motivo de debate, algunos afirman que ocurri\u00f3 el 12 de septiembre, otros aseguran que fue el 13, y algunos m\u00e1s sostienen que su captura tuvo lugar despu\u00e9s del 15. Esta historia se repite en diversos sitios web de derechos humanos, siempre acompa\u00f1ada de la misma fotograf\u00eda y datos gen\u00e9ricos.<\/p>\n\n\n\n<p>Sin embargo, el primero en reivindicar la memoria de Francisco Bettancourt, en un espacio oficial, fue Jos\u00e9 Retamales en 1990, cuando asumi\u00f3 el cargo de rector de la Universidad de Magallanes. Durante su emotivo discurso inaugural, Retamales dedic\u00f3 unas palabras conmovedoras a su compa\u00f1ero de carrera durante los tres primeros a\u00f1os.&nbsp;&nbsp;\u201cQue me haya atrevido en ese momento gener\u00f3 un fuerte impacto en la comunidad acad\u00e9mica, pero sent\u00eda que era un momento importante, porque en la figura de Francisco se representaba todo lo que nunca m\u00e1s debe repetirse\u201d, asegura.<\/p>\n\n\n\n<p>Retamales ha tenido una vida acad\u00e9mica marcada por el \u00e9xito: doctorado, docente, rector y Director del Instituto Ant\u00e1rtico Chileno (INACH). Fue \u00e9l quien lider\u00f3 la gesti\u00f3n para trasladar la instituci\u00f3n a Magallanes.<\/p>\n\n\n\n<p>\u00ab\u00c9l siempre se presentaba como Francisco, evitando el uso de su primer nombre, Silvio, que era el de su padre del que no ten\u00eda buenos recuerdos. Por sus destacadas capacidades, podr\u00eda haber sido un tremendo aporte a la sociedad; indudablemente, era uno de los estudiantes m\u00e1s talentosos&#8230;\u00bb, lamenta.<\/p>\n\n\n\n<p>Fanny, su hermana menor, apenas ten\u00eda dos a\u00f1os cuando Pancho desapareci\u00f3. A pesar de ello, conserva recuerdos vagos que ha construido a partir de su memoria y las conversaciones familiares. Hay im\u00e1genes de \u00e9l sosteni\u00e9ndola en brazos, con un globo terr\u00e1queo. Aunque recuerda algunas bromas, no est\u00e1 segura de si son recuerdos genuinos o repeticiones que ha asimilado como propias. Lo cierto es que lo busca y lo extra\u00f1a profundamente. \u201cA veces pienso que mi hermano podr\u00eda haber llegado a ser Presidente o Ministro; su inteligencia emocional era sobresaliente. Era una persona buena, con s\u00f3lidos valores y principios, solidario, as\u00ed nos educaron. Y nos perdimos a esa persona maravillosa\u00bb, lamenta.<\/p>\n\n\n\n<p>\u00abCon mis hermanas, nos propusimos que la primera que tuviera un hijo var\u00f3n le dar\u00eda su nombre. Result\u00e9 ser yo, pero, sinceramente, no me atrev\u00ed. No quer\u00eda que mi hijo corriera la misma suerte\u00bb, confiesa.<\/p>\n\n\n\n<p>Luego, agrega con tristeza: \u00abCuando alguien est\u00e1 enfermo, uno se prepara emocionalmente para enfrentar la situaci\u00f3n. Sin embargo, en este caso, lo terrible es que cuando lo extra\u00f1as, no tienes un lugar donde llevarle una simple flor&#8230;\u00bb, protesta sin resignaci\u00f3n.<\/p>\n\n\n\n<p>Su madre, por su parte, reflexiona sobre los 50 a\u00f1os transcurridos y la impunidad de los responsables: \u00abEncuentro que la vida es injusta. Despu\u00e9s de cometer tantas maldades, parece que quedan impunes, incluso caminan libremente por Vi\u00f1a del Mar, as\u00ed\u2026 como si no hubiera pasado nada\u00bb, denuncia con pesar.<\/p>\n<\/blockquote>\n","protected":false},"excerpt":{"rendered":"<p>Por Cristian Morales (Periodista) Un bigote fino, meticulosamente recortado, adorna su rostro, y una leve sonrisa asoma en sus labios. La mirada parece transmitir un mensaje trascendental, como si estuviera&#8230; <a class=\"read-more\" href=\"https:\/\/www.radiopresidenteibanez.cl\/web\/la-historia-intima-de-silvio-francisco-betancourt-bahamonde\/\">Leer m\u00e1s<\/a><\/p>\n","protected":false},"author":2,"featured_media":42932,"comment_status":"closed","ping_status":"closed","sticky":false,"template":"","format":"standard","meta":{"footnotes":""},"categories":[1],"tags":[],"class_list":["post-42931","post","type-post","status-publish","format-standard","has-post-thumbnail","hentry","category-cronica"],"_links":{"self":[{"href":"https:\/\/www.radiopresidenteibanez.cl\/web\/wp-json\/wp\/v2\/posts\/42931","targetHints":{"allow":["GET"]}}],"collection":[{"href":"https:\/\/www.radiopresidenteibanez.cl\/web\/wp-json\/wp\/v2\/posts"}],"about":[{"href":"https:\/\/www.radiopresidenteibanez.cl\/web\/wp-json\/wp\/v2\/types\/post"}],"author":[{"embeddable":true,"href":"https:\/\/www.radiopresidenteibanez.cl\/web\/wp-json\/wp\/v2\/users\/2"}],"replies":[{"embeddable":true,"href":"https:\/\/www.radiopresidenteibanez.cl\/web\/wp-json\/wp\/v2\/comments?post=42931"}],"version-history":[{"count":0,"href":"https:\/\/www.radiopresidenteibanez.cl\/web\/wp-json\/wp\/v2\/posts\/42931\/revisions"}],"wp:featuredmedia":[{"embeddable":true,"href":"https:\/\/www.radiopresidenteibanez.cl\/web\/wp-json\/wp\/v2\/media\/42932"}],"wp:attachment":[{"href":"https:\/\/www.radiopresidenteibanez.cl\/web\/wp-json\/wp\/v2\/media?parent=42931"}],"wp:term":[{"taxonomy":"category","embeddable":true,"href":"https:\/\/www.radiopresidenteibanez.cl\/web\/wp-json\/wp\/v2\/categories?post=42931"},{"taxonomy":"post_tag","embeddable":true,"href":"https:\/\/www.radiopresidenteibanez.cl\/web\/wp-json\/wp\/v2\/tags?post=42931"}],"curies":[{"name":"wp","href":"https:\/\/api.w.org\/{rel}","templated":true}]}}