{"id":4292,"date":"2019-05-16T14:45:19","date_gmt":"2019-05-16T14:45:19","guid":{"rendered":"http:\/\/www.radiopresidenteibanez.cl\/web\/?p=4292"},"modified":"2019-05-16T14:46:08","modified_gmt":"2019-05-16T14:46:08","slug":"fiscalia-se-reune-con-docentes-y-asistentes-de-educacion-para-hablar-sobre-la-obligacion-de-denuncia-y-la-ley-de-maltrato-relevante","status":"publish","type":"post","link":"https:\/\/www.radiopresidenteibanez.cl\/web\/fiscalia-se-reune-con-docentes-y-asistentes-de-educacion-para-hablar-sobre-la-obligacion-de-denuncia-y-la-ley-de-maltrato-relevante\/","title":{"rendered":"FISCAL\u00cdA SE REUNE CON DOCENTES Y ASISTENTES DE EDUCACI\u00d3N PARA HABLAR SOBRE LA OBLIGACI\u00d3N DE DENUNCIA Y LA LEY DE MALTRATO RELEVANTE"},"content":{"rendered":"\n<table class=\"wp-block-table\"><tbody><tr><td>Docentes y asistentes de la educaci\u00f3n \u00a0de los establecimientos educacionales   municipales de la capital regional, fueron capacitados por el Fiscal Jefe de   Punta Arenas, Fernando Dobson Soto y por la Ayudante de Fiscal Katerina   Aramis\u00a0 Seguic, en tem\u00e1ticas relevantes   para su labor como lo son la obligaci\u00f3n legal de los funcionarios p\u00fablicos denunciar   hechos constitutivos de delitos\u00a0 y la   Ley de Maltrato Relevante.   \u00a0   La masiva actividad, \u00a0que reuni\u00f3 a m\u00e1s de 80 docentes, efectuada   en el Liceo Industrial, es la segunda que se realiza este a\u00f1o con   funcionarios del \u00e1mbito de la educaci\u00f3n \u00a0y se enmarca\u00a0   en un programa de capacitaci\u00f3n organizado, desde el a\u00f1o pasado, por la   Fiscal\u00eda Regional y por la Corporaci\u00f3n de\u00a0   Educaci\u00f3n y Salud y atenci\u00f3n al Menor de Punta Arenas, cuyo fin es la   prevenci\u00f3n, coordinaci\u00f3n interinstitucional y profundizaci\u00f3n de conocimientos   en materia penal, especialmente de \u00a0algunos tipos   de delitos, como violencia intrafamiliar, delitos sexuales, responsabilidad   penal adolescente, y Ley de Drogas, \u00a0entre   otras.    <\/td><\/tr><\/tbody><\/table>\n\n\n\n<figure class=\"wp-block-image\"><img loading=\"lazy\" decoding=\"async\" width=\"1024\" height=\"768\" src=\"https:\/\/www.radiopresidenteibanez.cl\/web\/wp-content\/uploads\/2019\/05\/IMG-20190509-WA0038-1024x768.jpg\" alt=\"\" class=\"wp-image-4293\" srcset=\"https:\/\/www.radiopresidenteibanez.cl\/web\/wp-content\/uploads\/2019\/05\/IMG-20190509-WA0038-1024x768.jpg 1024w, https:\/\/www.radiopresidenteibanez.cl\/web\/wp-content\/uploads\/2019\/05\/IMG-20190509-WA0038-300x225.jpg 300w, https:\/\/www.radiopresidenteibanez.cl\/web\/wp-content\/uploads\/2019\/05\/IMG-20190509-WA0038-768x576.jpg 768w, https:\/\/www.radiopresidenteibanez.cl\/web\/wp-content\/uploads\/2019\/05\/IMG-20190509-WA0038.jpg 1032w\" sizes=\"auto, (max-width: 1024px) 100vw, 1024px\" \/><\/figure>\n","protected":false},"excerpt":{"rendered":"<p>Docentes y asistentes de la educaci\u00f3n \u00a0de los establecimientos educacionales municipales de la capital regional, fueron capacitados por el Fiscal Jefe de Punta Arenas, Fernando Dobson Soto y por la&#8230; <a class=\"read-more\" href=\"https:\/\/www.radiopresidenteibanez.cl\/web\/fiscalia-se-reune-con-docentes-y-asistentes-de-educacion-para-hablar-sobre-la-obligacion-de-denuncia-y-la-ley-de-maltrato-relevante\/\">Leer m\u00e1s<\/a><\/p>\n","protected":false},"author":2,"featured_media":4293,"comment_status":"closed","ping_status":"closed","sticky":false,"template":"","format":"standard","meta":{"footnotes":""},"categories":[1],"tags":[],"class_list":["post-4292","post","type-post","status-publish","format-standard","has-post-thumbnail","hentry","category-cronica"],"_links":{"self":[{"href":"https:\/\/www.radiopresidenteibanez.cl\/web\/wp-json\/wp\/v2\/posts\/4292","targetHints":{"allow":["GET"]}}],"collection":[{"href":"https:\/\/www.radiopresidenteibanez.cl\/web\/wp-json\/wp\/v2\/posts"}],"about":[{"href":"https:\/\/www.radiopresidenteibanez.cl\/web\/wp-json\/wp\/v2\/types\/post"}],"author":[{"embeddable":true,"href":"https:\/\/www.radiopresidenteibanez.cl\/web\/wp-json\/wp\/v2\/users\/2"}],"replies":[{"embeddable":true,"href":"https:\/\/www.radiopresidenteibanez.cl\/web\/wp-json\/wp\/v2\/comments?post=4292"}],"version-history":[{"count":0,"href":"https:\/\/www.radiopresidenteibanez.cl\/web\/wp-json\/wp\/v2\/posts\/4292\/revisions"}],"wp:featuredmedia":[{"embeddable":true,"href":"https:\/\/www.radiopresidenteibanez.cl\/web\/wp-json\/wp\/v2\/media\/4293"}],"wp:attachment":[{"href":"https:\/\/www.radiopresidenteibanez.cl\/web\/wp-json\/wp\/v2\/media?parent=4292"}],"wp:term":[{"taxonomy":"category","embeddable":true,"href":"https:\/\/www.radiopresidenteibanez.cl\/web\/wp-json\/wp\/v2\/categories?post=4292"},{"taxonomy":"post_tag","embeddable":true,"href":"https:\/\/www.radiopresidenteibanez.cl\/web\/wp-json\/wp\/v2\/tags?post=4292"}],"curies":[{"name":"wp","href":"https:\/\/api.w.org\/{rel}","templated":true}]}}