{"id":42912,"date":"2023-09-23T15:24:10","date_gmt":"2023-09-23T18:24:10","guid":{"rendered":"https:\/\/www.radiopresidenteibanez.cl\/web\/?p=42912"},"modified":"2023-09-23T15:24:23","modified_gmt":"2023-09-23T18:24:23","slug":"paro-del-bafona-divide-a-organizaciones-culturales-humilla-al-sector-y-afecta-a-regiones","status":"publish","type":"post","link":"https:\/\/www.radiopresidenteibanez.cl\/web\/paro-del-bafona-divide-a-organizaciones-culturales-humilla-al-sector-y-afecta-a-regiones\/","title":{"rendered":"PARO DEL BAFONA DIVIDE A ORGANIZACIONES CULTURALES: \u201cHUMILLA AL SECTOR\u201d Y AFECTA A REGIONES.\u00a0"},"content":{"rendered":"\n<p><strong>Por:\u00a0<\/strong>Mat\u00edas Rojas para eldesconcierto.cl\u00a0<\/p>\n\n\n\n<p><strong>A casi seis meses de iniciado el\u00a0paro\u00a0del\u00a0Ballet Folcl\u00f3rico Nacional\u00a0(BAFONA), diversas organizaciones culturales, sindicales y sociales entregaron una carta al\u00a0ministerio de las Culturas, a la\u00a0Comisi\u00f3n de Cultura\u00a0de la\u00a0C\u00e1mara de Diputados\u00a0y a\u00a0La Moneda.\u00a0<\/strong><\/p>\n\n\n\n<p>En la misiva, entregada este jueves 21 de septiembre, se distancian de la movilizaci\u00f3n y tildan al grupo de baile como \u00abuna agrupaci\u00f3n que cuenta con beneficios y protecciones de parte del&nbsp;<strong>C\u00f3digo del Trabajo<\/strong>&nbsp;desde 2006\u2033. Adem\u00e1s de ser una acci\u00f3n que \u00abhumilla al sector cultural en general y su realidad laboral en extremo precarizada\u00bb.&nbsp;<\/p>\n\n\n\n<p>Entre las organizaciones firmantes destacan el&nbsp;Sindicato de Actores, Actrices, Trabajadores y Trabajadoras de las Artes Teatrales de Chile (<strong>SIDARTE<\/strong>), Sindicato Nacional de Trabajadores y Artistas de Danza (<strong>SINATTAD<\/strong>), Autoras Chilenas Feministas (<strong>Auch +<\/strong>), la Asociaci\u00f3n de Gestores y Gestoras Culturales de Chile (<strong>AdCultura<\/strong>), director Art\u00edstico Teatro La Memoria y actor,&nbsp;<strong>Alfredo Castro<\/strong>&nbsp;y los fundadores del BAFONA, bailarines&nbsp;<strong>Hiranio Ch\u00e1vez<\/strong>&nbsp;y&nbsp;<strong>Eugenia Cirano<\/strong>.&nbsp;<\/p>\n\n\n\n<p>Esto luego que diputados integrantes de la<strong>&nbsp;comisi\u00f3n de Cultura<\/strong>&nbsp;de la&nbsp;<strong>C\u00e1mara de Diputados<\/strong>&nbsp;anunciaran el rechazo a la partida de Cultura del Presupuesto Nacional para el 2024, si es que no se solucionan las demandas del&nbsp;<strong>BAFONA<\/strong>.&nbsp;<\/p>\n\n\n\n<p>Unas exigencias que incluyen la homologaci\u00f3n de remuneraciones respecto&nbsp;<strong>Orquesta de C\u00e1mara de Chile (OCCH)<\/strong>, que percibir\u00edan 45% m\u00e1s de salario, sumado a lo que denuncian como graves problemas de infraestructura en el lugar donde actualmente ensayan los bailarines, \u00ab<strong>calificado de insalubre\u00bb<\/strong>&nbsp;seg\u00fan un oficio ante la C\u00e1mara de Diputados.&nbsp;<\/p>\n\n\n\n<p>Entre los diputados que intervinieron se encuentra el independiente&nbsp;<strong>Mauricio Ojeda,&nbsp;<\/strong>parte del&nbsp;<strong>Comit\u00e9 de Republicanos<\/strong>, quien afirm\u00f3 que \u201cse han sobrepasado los<strong>&nbsp;l\u00edmites del tiempo, la espera y la prudencia<\/strong>&nbsp;de un Gobierno que se hace llamar defensor y promotor de las Culturas y las Artes\u201d.&nbsp;<\/p>\n\n\n\n<p>Es momento de \u201cpresionar con la idea de<strong>&nbsp;rechazar el presupuesto de Cultura si es que el Gobierno no toma la decisi\u00f3n de poner punto final a esta problem\u00e1tica<\/strong>\u201d, agreg\u00f3.&nbsp;<\/p>\n\n\n\n<p><strong>BAFONA dividido<\/strong>&nbsp;<\/p>\n\n\n\n<p>Una movilizaci\u00f3n no exenta de problemas ya que, seg\u00fan un reportaje de&nbsp;<a href=\"https:\/\/www.elciudadano.com\/actualidad\/solo-un-sector-esta-en-paro-acusan-que-paro-del-bafona-es-asesorado-por-diputados-de-oposicion\/09\/20\/\" target=\"_blank\" rel=\"noreferrer noopener\"><em>El Ciudadano&nbsp;<\/em><\/a>, desde el interior del&nbsp;<strong>BAFONA<\/strong>&nbsp;no estar\u00edan todos los trabajadores alineados y existir\u00edan dos bandos.&nbsp;<\/p>\n\n\n\n<p>Uno de los cuales es liderado por la presidenta del Afubaf,&nbsp;<strong>Evelyn Hern\u00e1ndez<\/strong>, quien ha acusado que \u00abexiste una discriminaci\u00f3n hacia la m\u00fasica y la&nbsp;<strong>danza folcl\u00f3rica tradicional<\/strong>&nbsp;de nuestro pa\u00eds\u00bb por parte del gobierno y que no se ve una soluci\u00f3n a corto plazo al conflicto.&nbsp;<\/p>\n\n\n\n<p>En tanto, el presidente de la Asociaci\u00f3n Nacional de Funcionarios\/as de la Subsecretar\u00eda de las Culturas y las Artes (<strong>ANFUCULTURA<\/strong>),&nbsp;<strong>Jorge Gonz\u00e1lez San Mart\u00edn,<\/strong>&nbsp;afirm\u00f3 al mismo medio que un grupo de trabajadores y trabajadores del&nbsp;<strong>BAFONA<\/strong>, y socios y socias de esa organizaci\u00f3n gremial, no se han sumado a la paralizaci\u00f3n. Entre los que se encuentran miembros de los estamentos t\u00e9cnicos, acad\u00e9micos y administrativos y bailarines.&nbsp;<\/p>\n\n\n\n<p><strong>Carta de organizaciones<\/strong>&nbsp;<\/p>\n\n\n\n<p>En ese contexto, representantes de diversas organizaciones sindicales, sociales y culturales entregaron una carta p\u00fablica con m\u00e1s de 200 firmas a las autoridades del&nbsp;MINCAP y a la Comisi\u00f3n de Cultura de la C\u00e1mara de Diputados a fin de no poner en riesgo la&nbsp;<strong>partida presupuestaria sectorial<\/strong>&nbsp;y alcanzar el compromiso del programa de gobierno del&nbsp;<strong>Presidente Gabriel Boric<\/strong>&nbsp;de aumentarlo al&nbsp;<strong>1% del PIB<\/strong>.&nbsp;<\/p>\n\n\n\n<figure class=\"wp-block-image size-large\"><img loading=\"lazy\" decoding=\"async\" width=\"1024\" height=\"873\" src=\"https:\/\/www.radiopresidenteibanez.cl\/web\/wp-content\/uploads\/2023\/09\/image-1024x873.png\" alt=\"\" class=\"wp-image-42913\" srcset=\"https:\/\/www.radiopresidenteibanez.cl\/web\/wp-content\/uploads\/2023\/09\/image-1024x873.png 1024w, https:\/\/www.radiopresidenteibanez.cl\/web\/wp-content\/uploads\/2023\/09\/image-300x256.png 300w, https:\/\/www.radiopresidenteibanez.cl\/web\/wp-content\/uploads\/2023\/09\/image-768x655.png 768w, https:\/\/www.radiopresidenteibanez.cl\/web\/wp-content\/uploads\/2023\/09\/image-1536x1309.png 1536w, https:\/\/www.radiopresidenteibanez.cl\/web\/wp-content\/uploads\/2023\/09\/image.png 1600w\" sizes=\"auto, (max-width: 1024px) 100vw, 1024px\" \/><figcaption class=\"wp-element-caption\">Representantes de organizaciones sindicales, sociales y culturales.<\/figcaption><\/figure>\n\n\n\n<p><strong>Regiones afectadas<\/strong>&nbsp;<\/p>\n\n\n\n<p>\u201cNos parece sumamente preocupante y grave que sectores de la Comisi\u00f3n de Culturas de la C\u00e1mara de Diputados y Diputadas amenace al&nbsp;<a href=\"https:\/\/www.cultura.gob.cl\/\" target=\"_blank\" rel=\"noreferrer noopener\">Mincap&nbsp;<\/a>(Ministerio de las Culturas, las Artes y el Patrimonio), con no aprobar el&nbsp;<strong>Presupuesto Nacional de Cultura 2024<\/strong>, si es que la \u2018huelga\u2019 que realiza un grupo de trabajadores del elenco del Ballet Folcl\u00f3rico Nacional Chileno no se soluciona\u201d, afirman en la carta.&nbsp;<\/p>\n\n\n\n<p>A su vez, \u201cel&nbsp;<strong>Presupuesto Nacional de Cultur<\/strong>a es la fuente de recursos que el Estado dispone para solventar el desarrollo cultural de toda la Naci\u00f3n, involucrando acciones presupuestarias que benefician a todo el pa\u00eds, incluyendo a todas las regiones, a los diversos sectores culturales, a sus trabajadores y ciudadan\u00eda. Son preocupantes estas amenazas (de la&nbsp;<strong>bancada de diputados<\/strong>) porque implican una&nbsp;<strong>instrumentalizaci\u00f3n pol\u00edtica<\/strong>&nbsp;de los recursos del pa\u00eds, en beneficio exclusivo de una agrupaci\u00f3n de trabajadores que ya cuenta con importantes privilegios exclusivos otorgados por el Estado\u00bb.&nbsp;<\/p>\n\n\n\n<p><strong>Acci\u00f3n humilla al sector<\/strong>&nbsp;<\/p>\n\n\n\n<p>Esto \u00aba diferencia de la mayor\u00eda de trabajadores\/as del pa\u00eds (\u2026). Esta acci\u00f3n humilla al sector cultural general y su realidad laboral en extremo precarizada\u201d, enfatizan en la carta.&nbsp;<\/p>\n\n\n\n<p>En el tercer punto, los firmantes se\u00f1alan que el&nbsp;<strong>BAFONA<\/strong>&nbsp;es \u201cuna<strong>&nbsp;agrupaci\u00f3n que cuenta con beneficios y protecciones de parte del C\u00f3digo del Trabajo desde 2006<\/strong>. Sus contratos son por jornada de 25 horas. Y sin perjuicio de que no se rigen por el Estatuto Administrativo, ellos han incorporado en sus contratos derechos que son exclusivos para los funcionarios p\u00fablicos regidos por el Estatuto.&nbsp;<\/p>\n\n\n\n<p>Adem\u00e1s, \u201cse rigen por el&nbsp;<strong>C\u00f3digo del Trabajo<\/strong>&nbsp;y acceden a los beneficios de este; se les asigna beneficios del&nbsp;<strong>Estatuto Administrativo<\/strong>; las leyes que asignan beneficios a los trabajadores del sector p\u00fablico los est\u00e1n incorporando; son contratos indefinidos. Sus rentas m\u00ednimas son de $1.321.186 siendo la m\u00e1xima $3.971.808, lo que en promedio alcanza $1.934.070 por cargo de trabajador\u201d.&nbsp;<\/p>\n\n\n\n<p>\u201cEmplazamos a la\u00a0<strong>ministra Carolina Arredondo<\/strong>, a la\u00a0<strong>Comisi\u00f3n de Culturas de la C\u00e1mara de Diputados y Diputadas<\/strong>, y a todas\/os las y los parlamentaria\/os que han manifestado especial apoyo a los intereses del\u00a0<strong>BAFONA<\/strong>, a trabajar y legislar desde una perspectiva transversal que involucre a todos los sectores, sin beneficios exclusivos sectorizados, y a comprometer el incremento de recursos hacia el\u00a0<strong>1% del presupuesto nacional<\/strong>, compromiso presidencial del actual gobierno\u201d, se lee en el documento.\u00a0<\/p>\n\n\n\n<p><a href=\"https:\/\/www.eldesconcierto.cl\/tipos-moviles\/2023\/09\/21\/paro-del-bafona-divide-a-organizaciones-culturales-humilla-al-sector-y-afecta-a-regiones.html\">https:\/\/www.eldesconcierto.cl\/tipos-moviles\/2023\/09\/21\/paro-del-bafona-divide-a-organizaciones-culturales-humilla-al-sector-y-afecta-a-regiones.html<\/a><\/p>\n","protected":false},"excerpt":{"rendered":"<p>Por:\u00a0Mat\u00edas Rojas para eldesconcierto.cl\u00a0 A casi seis meses de iniciado el\u00a0paro\u00a0del\u00a0Ballet Folcl\u00f3rico Nacional\u00a0(BAFONA), diversas organizaciones culturales, sindicales y sociales entregaron una carta al\u00a0ministerio de las Culturas, a la\u00a0Comisi\u00f3n de Cultura\u00a0de&#8230; <a class=\"read-more\" href=\"https:\/\/www.radiopresidenteibanez.cl\/web\/paro-del-bafona-divide-a-organizaciones-culturales-humilla-al-sector-y-afecta-a-regiones\/\">Leer m\u00e1s<\/a><\/p>\n","protected":false},"author":2,"featured_media":42914,"comment_status":"closed","ping_status":"closed","sticky":false,"template":"","format":"standard","meta":{"footnotes":""},"categories":[1,5],"tags":[],"class_list":["post-42912","post","type-post","status-publish","format-standard","has-post-thumbnail","hentry","category-cronica","category-politica"],"_links":{"self":[{"href":"https:\/\/www.radiopresidenteibanez.cl\/web\/wp-json\/wp\/v2\/posts\/42912","targetHints":{"allow":["GET"]}}],"collection":[{"href":"https:\/\/www.radiopresidenteibanez.cl\/web\/wp-json\/wp\/v2\/posts"}],"about":[{"href":"https:\/\/www.radiopresidenteibanez.cl\/web\/wp-json\/wp\/v2\/types\/post"}],"author":[{"embeddable":true,"href":"https:\/\/www.radiopresidenteibanez.cl\/web\/wp-json\/wp\/v2\/users\/2"}],"replies":[{"embeddable":true,"href":"https:\/\/www.radiopresidenteibanez.cl\/web\/wp-json\/wp\/v2\/comments?post=42912"}],"version-history":[{"count":0,"href":"https:\/\/www.radiopresidenteibanez.cl\/web\/wp-json\/wp\/v2\/posts\/42912\/revisions"}],"wp:featuredmedia":[{"embeddable":true,"href":"https:\/\/www.radiopresidenteibanez.cl\/web\/wp-json\/wp\/v2\/media\/42914"}],"wp:attachment":[{"href":"https:\/\/www.radiopresidenteibanez.cl\/web\/wp-json\/wp\/v2\/media?parent=42912"}],"wp:term":[{"taxonomy":"category","embeddable":true,"href":"https:\/\/www.radiopresidenteibanez.cl\/web\/wp-json\/wp\/v2\/categories?post=42912"},{"taxonomy":"post_tag","embeddable":true,"href":"https:\/\/www.radiopresidenteibanez.cl\/web\/wp-json\/wp\/v2\/tags?post=42912"}],"curies":[{"name":"wp","href":"https:\/\/api.w.org\/{rel}","templated":true}]}}