{"id":4289,"date":"2019-05-16T14:41:10","date_gmt":"2019-05-16T14:41:10","guid":{"rendered":"http:\/\/www.radiopresidenteibanez.cl\/web\/?p=4289"},"modified":"2019-05-16T14:41:50","modified_gmt":"2019-05-16T14:41:50","slug":"evopoli-magallanes-en-busca-de-lideres-descomunales-lideresdescomunales","status":"publish","type":"post","link":"https:\/\/www.radiopresidenteibanez.cl\/web\/evopoli-magallanes-en-busca-de-lideres-descomunales-lideresdescomunales\/","title":{"rendered":"EVOPOLI MAGALLANES:  EN BUSCA DE LIDERES DESCOMUNALES #LIDERESDESCOMUNALES"},"content":{"rendered":"\n<p>El\npartido realiz\u00f3 una convocatoria a nivel nacional, buscando a nuevos dirigentes\nlocales que quieran representar al partido en los comicios del 2020<\/p>\n\n\n\n<p>El\nser \u00ab100%, social, 100% local\u00bb, es una de las caracter\u00edsticas que\ndesde Evoluci\u00f3n Pol\u00edtica (Ev\u00f3poli), nos hemos fijado como est\u00e1ndar para su\ncampa\u00f1a \u00abL\u00edderes Descomunales\u00bb y con la cual esperan captar posibles\ncandidatos para las elecciones municipales y de gobernadores regionales del\n2020.<\/p>\n\n\n\n<p>El presidente regional de Evopoli, Christian Mu\u00f1oz Oyarzo manifiesta su satisfacci\u00f3n en la primera reuni\u00f3n de coordinaci\u00f3n junto a dirigentes y militantes realizada el d\u00eda 15 de mayo de presente a\u00f1o. En est\u00e1 oportunidad, se present\u00f3 los principales acuerdos y votos pol\u00edticos del pasado consejo nacional y, adem\u00e1s, se estableci\u00f3 la estructura de trabajo para captar e invitar a\u00a0 todos qui\u00e9nes quieran ser parte de nuestro partido y transformarse un \u00abL\u00edder descomunal\u00bb para nuestro pa\u00eds. \u00bb Vamos a competir en todos los espacios\u00bb. Nuestro Presidente Nacional, Hern\u00e1n Larra\u00edn nos ha encomendado a las directivas de las 16 regiones del pa\u00eds, buscar personas que quieran transformar las realidades de sus comunas desde los municipios, es decir, l\u00edderes sociales, sin importar si antes han estado en pol\u00edtica o no, buscar personas sanas para la pol\u00edtica, preparadas, con ganas de tomarse los municipios, que compartan el ideario de Ev\u00f3poli y de esa manera nos acompa\u00f1en en el desaf\u00edo de renovar a las autoridades en las comunas. Estamos seguros que estamos llenos de chilenos que hoy participan en fundaciones, en la sociedad civil que est\u00e1n distantes de la pol\u00edtica, pero que pueden ver en Ev\u00f3poli un espacio para participar.<\/p>\n\n\n\n<figure class=\"wp-block-image\"><img loading=\"lazy\" decoding=\"async\" width=\"1024\" height=\"768\" src=\"https:\/\/www.radiopresidenteibanez.cl\/web\/wp-content\/uploads\/2019\/05\/IMG-20190516-WA0026-1024x768.jpg\" alt=\"\" class=\"wp-image-4290\" srcset=\"https:\/\/www.radiopresidenteibanez.cl\/web\/wp-content\/uploads\/2019\/05\/IMG-20190516-WA0026-1024x768.jpg 1024w, https:\/\/www.radiopresidenteibanez.cl\/web\/wp-content\/uploads\/2019\/05\/IMG-20190516-WA0026-300x225.jpg 300w, https:\/\/www.radiopresidenteibanez.cl\/web\/wp-content\/uploads\/2019\/05\/IMG-20190516-WA0026-768x576.jpg 768w, https:\/\/www.radiopresidenteibanez.cl\/web\/wp-content\/uploads\/2019\/05\/IMG-20190516-WA0026.jpg 1280w\" sizes=\"auto, (max-width: 1024px) 100vw, 1024px\" \/><\/figure>\n","protected":false},"excerpt":{"rendered":"<p>El partido realiz\u00f3 una convocatoria a nivel nacional, buscando a nuevos dirigentes locales que quieran representar al partido en los comicios del 2020 El ser \u00ab100%, social, 100% local\u00bb, es&#8230; <a class=\"read-more\" href=\"https:\/\/www.radiopresidenteibanez.cl\/web\/evopoli-magallanes-en-busca-de-lideres-descomunales-lideresdescomunales\/\">Leer m\u00e1s<\/a><\/p>\n","protected":false},"author":2,"featured_media":4290,"comment_status":"closed","ping_status":"closed","sticky":false,"template":"","format":"standard","meta":{"footnotes":""},"categories":[5],"tags":[],"class_list":["post-4289","post","type-post","status-publish","format-standard","has-post-thumbnail","hentry","category-politica"],"_links":{"self":[{"href":"https:\/\/www.radiopresidenteibanez.cl\/web\/wp-json\/wp\/v2\/posts\/4289","targetHints":{"allow":["GET"]}}],"collection":[{"href":"https:\/\/www.radiopresidenteibanez.cl\/web\/wp-json\/wp\/v2\/posts"}],"about":[{"href":"https:\/\/www.radiopresidenteibanez.cl\/web\/wp-json\/wp\/v2\/types\/post"}],"author":[{"embeddable":true,"href":"https:\/\/www.radiopresidenteibanez.cl\/web\/wp-json\/wp\/v2\/users\/2"}],"replies":[{"embeddable":true,"href":"https:\/\/www.radiopresidenteibanez.cl\/web\/wp-json\/wp\/v2\/comments?post=4289"}],"version-history":[{"count":0,"href":"https:\/\/www.radiopresidenteibanez.cl\/web\/wp-json\/wp\/v2\/posts\/4289\/revisions"}],"wp:featuredmedia":[{"embeddable":true,"href":"https:\/\/www.radiopresidenteibanez.cl\/web\/wp-json\/wp\/v2\/media\/4290"}],"wp:attachment":[{"href":"https:\/\/www.radiopresidenteibanez.cl\/web\/wp-json\/wp\/v2\/media?parent=4289"}],"wp:term":[{"taxonomy":"category","embeddable":true,"href":"https:\/\/www.radiopresidenteibanez.cl\/web\/wp-json\/wp\/v2\/categories?post=4289"},{"taxonomy":"post_tag","embeddable":true,"href":"https:\/\/www.radiopresidenteibanez.cl\/web\/wp-json\/wp\/v2\/tags?post=4289"}],"curies":[{"name":"wp","href":"https:\/\/api.w.org\/{rel}","templated":true}]}}