{"id":42887,"date":"2023-09-22T11:47:00","date_gmt":"2023-09-22T14:47:00","guid":{"rendered":"https:\/\/www.radiopresidenteibanez.cl\/web\/?p=42887"},"modified":"2023-09-22T10:44:29","modified_gmt":"2023-09-22T13:44:29","slug":"gremios-del-turismo-expresan-su-profunda-preocupacion-por-movilizaciones-sociales-y-piden-privilegiar-el-dialogo","status":"publish","type":"post","link":"https:\/\/www.radiopresidenteibanez.cl\/web\/gremios-del-turismo-expresan-su-profunda-preocupacion-por-movilizaciones-sociales-y-piden-privilegiar-el-dialogo\/","title":{"rendered":"GREMIOS DEL TURISMO EXPRESAN SU PROFUNDA PREOCUPACION POR MOVILIZACIONES SOCIALES Y PIDEN PRIVILEGIAR EL DIALOGO"},"content":{"rendered":"\n<p>Incertidumbre y preocupaci\u00f3n existe en el sector<br>turismo de Magallanes, debido a las manifestaciones, que, en su mayor\u00eda llegan a medidas<br>de presi\u00f3n extremas, como paro de funciones o tomas que afectan las operaciones<br>tur\u00edsticas y la imagen del destino.<br>\u201cCada sector tiene sus propios requerimientos y demandas, y es natural que a veces<br>surjan desacuerdos con el sector p\u00fablico. Sin embargo, creemos que es fundamental que<br>las autoridades se hagan cargo de estos asuntos para evitar llegar a extremos como los<br>bloqueos de carreteras. Hacemos un llamado muy sentido a explorar otras v\u00edas de<br>soluci\u00f3n, ya que los bloqueos de rutas afectan a toda la comunidad. No puede ser que,<br>frente a diversas demandas que puedan surgir, ya sean justificadas o no, se interrumpa el<br>tr\u00e1fico, vulnerando los derechos fundamentales de toda una poblaci\u00f3n y permitiendo que<br>esto se prolongue por m\u00e1s de 6 horas. \u00bfQui\u00e9n se hace cargo de las consecuencias que<br>estos bloqueos generan?, no tan solo de la imagen que brindamos al exterior, sino<br>tambi\u00e9n la inseguridad que genera a toda la comunidad y a los visitantes que podemos<br>tener. Nos ha costado much\u00edsimo recuperarnos tras la pandemia y este tipo de situaciones<br>no ayudan a poder potenciar la temporada que se nos avecina\u201d, resalt\u00f3 la gerente de la<br>Asociaci\u00f3n de Hoteles y Servicios Tur\u00edsticos, HYST, Sara Adema Yusta .<br>Un llamado que comparte el presidente de la C\u00e1mara de Operadores Tur\u00edsticos y Agencias<br>de Torres del Paine, COTA, Carlos Oyarz\u00fan, que pide solidarizar con el turismo, sector<br>productivo que estuvo completamente frenado durante la pandemia. \u201cLas movilizaciones<br>de cualquier sector, afectan a toda una comunidad, debemos ser emp\u00e1ticos si queremos<br>que nos comprendan en nuestras demandas. Es por esto que debemos considerar que el<br>mes de septiembre es el inicio de la temporada, una temporada que viene de un invierno<br>que estuvo muy lento el movimiento tur\u00edstico. Y debemos reconocer que el sector<br>tur\u00edstico da trabajo y beneficios a muchos otros sectores. Lo importante de las<br>movilizaciones es que puedan llegar a un acuerdo de manera r\u00e1pida y eficaz para no<br>afectar a personas que no tienen nada que ver en el conflicto\u201d, puntualiz\u00f3.<br>Asimismo, Silvia Mu\u00f1oz Urbina, gerente de la Asociaci\u00f3n de Empresas de Turismo Austro<br>Chile, destac\u00f3 que \u201ccomo Austro Chile estamos muy preocupados por los cierres de<br>camino, ya que quita la libertad de desplazamiento y de poder trabajar, a toda la<br>comunidad. As\u00ed mismo, como sector turismo, nos vemos imposibilitados de ejercer<br>nuestras labores dando una mala imagen a nuestros visitantes. Recordemos que<br>estuvimos en pandemia donde muchas de las peque\u00f1as y microempresas lo pasaron muy<\/p>\n\n\n\n<p>mal. Es fundamental que las autoridades act\u00faen en tiempo y forma, no cuando los hechos<br>ya est\u00e1n consumados, ya que nadie tiene el derecho de quitar la libertad de trabajar y<br>circular libremente.\u00bb<br>Finalmente, la gerente de la C\u00e1mara de Turismo de \u00daltima Esperanza, Adriana Aguilar<br>Lagos, resalt\u00f3 que \u201ccomo sector nos ha tocado ver, en diferentes ocasiones, a distintos<br>grupos del sector p\u00fablico y privado que han tenido que extremar las medidas de presi\u00f3n<br>para ser realmente atendidos en sus demandas. Probablemente, esto se deba a la falta de<br>agilidad para instalar las mesas de trabajo de manera oportuna o a la poca capacidad de<br>negociaci\u00f3n de las autoridades que no cuentan con la experiencia suficiente para<br>privilegiar el di\u00e1logo id\u00f3neo con resultados eficientes para que ninguna organizaci\u00f3n<br>tenga que llegar a los extremos de vulnerar los derechos de otros\u201d<\/p>\n","protected":false},"excerpt":{"rendered":"<p>Incertidumbre y preocupaci\u00f3n existe en el sectorturismo de Magallanes, debido a las manifestaciones, que, en su mayor\u00eda llegan a medidasde presi\u00f3n extremas, como paro de funciones o tomas que afectan&#8230; <a class=\"read-more\" href=\"https:\/\/www.radiopresidenteibanez.cl\/web\/gremios-del-turismo-expresan-su-profunda-preocupacion-por-movilizaciones-sociales-y-piden-privilegiar-el-dialogo\/\">Leer m\u00e1s<\/a><\/p>\n","protected":false},"author":2,"featured_media":42888,"comment_status":"closed","ping_status":"closed","sticky":false,"template":"","format":"standard","meta":{"footnotes":""},"categories":[1],"tags":[],"class_list":["post-42887","post","type-post","status-publish","format-standard","has-post-thumbnail","hentry","category-cronica"],"_links":{"self":[{"href":"https:\/\/www.radiopresidenteibanez.cl\/web\/wp-json\/wp\/v2\/posts\/42887","targetHints":{"allow":["GET"]}}],"collection":[{"href":"https:\/\/www.radiopresidenteibanez.cl\/web\/wp-json\/wp\/v2\/posts"}],"about":[{"href":"https:\/\/www.radiopresidenteibanez.cl\/web\/wp-json\/wp\/v2\/types\/post"}],"author":[{"embeddable":true,"href":"https:\/\/www.radiopresidenteibanez.cl\/web\/wp-json\/wp\/v2\/users\/2"}],"replies":[{"embeddable":true,"href":"https:\/\/www.radiopresidenteibanez.cl\/web\/wp-json\/wp\/v2\/comments?post=42887"}],"version-history":[{"count":0,"href":"https:\/\/www.radiopresidenteibanez.cl\/web\/wp-json\/wp\/v2\/posts\/42887\/revisions"}],"wp:featuredmedia":[{"embeddable":true,"href":"https:\/\/www.radiopresidenteibanez.cl\/web\/wp-json\/wp\/v2\/media\/42888"}],"wp:attachment":[{"href":"https:\/\/www.radiopresidenteibanez.cl\/web\/wp-json\/wp\/v2\/media?parent=42887"}],"wp:term":[{"taxonomy":"category","embeddable":true,"href":"https:\/\/www.radiopresidenteibanez.cl\/web\/wp-json\/wp\/v2\/categories?post=42887"},{"taxonomy":"post_tag","embeddable":true,"href":"https:\/\/www.radiopresidenteibanez.cl\/web\/wp-json\/wp\/v2\/tags?post=42887"}],"curies":[{"name":"wp","href":"https:\/\/api.w.org\/{rel}","templated":true}]}}