{"id":42884,"date":"2023-09-22T10:37:00","date_gmt":"2023-09-22T13:37:00","guid":{"rendered":"https:\/\/www.radiopresidenteibanez.cl\/web\/?p=42884"},"modified":"2023-09-22T08:47:33","modified_gmt":"2023-09-22T11:47:33","slug":"chile-trabaja-en-la-prevencion-de-incendios-forestales","status":"publish","type":"post","link":"https:\/\/www.radiopresidenteibanez.cl\/web\/chile-trabaja-en-la-prevencion-de-incendios-forestales\/","title":{"rendered":"CHILE TRABAJA EN LA PREVENCION DE INCENDIOS FORESTALES"},"content":{"rendered":"\n<p>Los incendios forestales son una preocupaci\u00f3n<br>constante de las autoridades, especialmente con la llegada de la temporada de altas<br>temperaturas. En ese sentido, la prevenci\u00f3n juega un rol clave, por lo que ayer a nivel<br>nacional se realiz\u00f3 una reuni\u00f3n telem\u00e1tica que convoc\u00f3 a Delegados Presidencial<br>Regionales de todo el pa\u00eds, junto a directores de Senapred y Conaf, con el Subsecretario<br>del Interior, Manuel Monsalve, para presentar el Plan Nacional de Protecci\u00f3n contra<br>Incendios Forestales 2023-2024<br>La estrategia consta de dos etapas, como bien lo explic\u00f3 el Delegado Presidencial<br>Regional, Jos\u00e9 Ruiz Pivcevic, \u201cante la tendencia los \u00faltimos a\u00f1os de mayor ocurrencia y<br>da\u00f1o de los incendios, es que a nivel nacional se realiz\u00f3 la presentaci\u00f3n de la estrategia<br>nacional para la gesti\u00f3n de incendios. Esta consta de una etapa de prevenci\u00f3n y<br>mitigaci\u00f3n y otra de preparaci\u00f3n de respuesta. Aqu\u00ed en Magallanes ya conformamos el<br>Cogrid preventivo, se conformaron las mesas comunales t\u00e9cnicas, estamos ad portas de<br>conformar la mesa ampliada, justamente para dar a conocer esta estrategia y \u2013muy<br>importante- estar sensibilizando a toda la comunidad sobre este tipo de acciones, porque<br>son acciones preventivas que pueden evitar desastres posteriores\u201d.<br>En el mismo sentido el Director regional de Senapred, Juan Carlos Andrade, \u201cel cambio<br>clim\u00e1tico y el \u201cNi\u00f1o\u201d est\u00e1n provocando cambios respecto a las temperaturas, viento y<br>humedad, por lo tanto las previsiones que se est\u00e1n llevando a nivel nacional, tenemos que<br>traspasarlas a nivel comunal y las comunidades para poder trabajar en la fase preventiva<br>y de mitigaci\u00f3n. Haremos llegar todas las medidas que se han tomado y los catastros<br>necesarios para poder tener las mayores capacidades desarrolladas al momento de iniciar<br>este periodo estival hasta marzo, abril, del pr\u00f3ximo a\u00f1o\u201d.<br>Asimismo, la Seremi de Agricultura, Irene Ram\u00edrez, complement\u00f3 lo anterior, indicando<br>que \u201chay distintas l\u00edneas de acci\u00f3n en las cuales ya se est\u00e1 trabajando en conjunto con<br>los organismos t\u00e9cnicos, en este caso en la regi\u00f3n es Senapred y Conaf, para preparar<br>as\u00ed la temporada 2023-2024 de incendios forestales, con una campa\u00f1a en prevenci\u00f3n,<br>mitigaci\u00f3n, para posteriormente revisar las evaluaciones de los incendios que hubo el a\u00f1o<\/p>\n\n\n\n<p>pasado, para poder mejorar las distintas gestiones y coordinaciones y enfrentar de mejor<br>manera las distintas emergencias en la pr\u00f3xima temporada\u201d.<br>La Directora de Conaf, Alejandra Silva, manifest\u00f3 la relevancia de estas reuniones \u201cpara<br>poder estar adecuadamente preparados y coordinados para una nueva \u00e9poca de mayor<br>incidencia de incendios forestales\u201d. La prevenci\u00f3n y mitigaci\u00f3n es -a\u00f1adi\u00f3- \u201cuna labor<br>transversal y que nos ocupa durante todo el a\u00f1o para poder estar adecuadamente<br>preparados. Por eso hacemos un llamado de sensibilizaci\u00f3n a la comunidad para que<br>podamos enfrentar todos estos meses de verano, con toda la responsabilidad, disfrutando<br>de la naturaleza, pero con lo que implica saber que estamos frente a un evento de cambio<br>clim\u00e1tico que las condiciones son propicias, lamentablemente para la presentaci\u00f3n de<br>incendios forestales durante toda la \u00e9poca de verano y por lo tanto necesitamos la ayuda<br>de toda la comunidad para que podamos aplicar todas las recomendaciones que se<br>hacen, de evitar hacer fogatas, por ejemplo, en lugares no autorizados\u201d.<br>Todas las opiniones y visiones coinciden en que dadas las condiciones clim\u00e1ticas que<br>est\u00e1 experimentando el planeta, es necesario trabajar transversalmente para prevenir la<br>ocurrencia de incendios forestales y con ello la destrucci\u00f3n de nuestro patrimonio natural.<\/p>\n","protected":false},"excerpt":{"rendered":"<p>Los incendios forestales son una preocupaci\u00f3nconstante de las autoridades, especialmente con la llegada de la temporada de altastemperaturas. En ese sentido, la prevenci\u00f3n juega un rol clave, por lo que&#8230; <a class=\"read-more\" href=\"https:\/\/www.radiopresidenteibanez.cl\/web\/chile-trabaja-en-la-prevencion-de-incendios-forestales\/\">Leer m\u00e1s<\/a><\/p>\n","protected":false},"author":2,"featured_media":42885,"comment_status":"closed","ping_status":"closed","sticky":false,"template":"","format":"standard","meta":{"footnotes":""},"categories":[1],"tags":[],"class_list":["post-42884","post","type-post","status-publish","format-standard","has-post-thumbnail","hentry","category-cronica"],"_links":{"self":[{"href":"https:\/\/www.radiopresidenteibanez.cl\/web\/wp-json\/wp\/v2\/posts\/42884","targetHints":{"allow":["GET"]}}],"collection":[{"href":"https:\/\/www.radiopresidenteibanez.cl\/web\/wp-json\/wp\/v2\/posts"}],"about":[{"href":"https:\/\/www.radiopresidenteibanez.cl\/web\/wp-json\/wp\/v2\/types\/post"}],"author":[{"embeddable":true,"href":"https:\/\/www.radiopresidenteibanez.cl\/web\/wp-json\/wp\/v2\/users\/2"}],"replies":[{"embeddable":true,"href":"https:\/\/www.radiopresidenteibanez.cl\/web\/wp-json\/wp\/v2\/comments?post=42884"}],"version-history":[{"count":0,"href":"https:\/\/www.radiopresidenteibanez.cl\/web\/wp-json\/wp\/v2\/posts\/42884\/revisions"}],"wp:featuredmedia":[{"embeddable":true,"href":"https:\/\/www.radiopresidenteibanez.cl\/web\/wp-json\/wp\/v2\/media\/42885"}],"wp:attachment":[{"href":"https:\/\/www.radiopresidenteibanez.cl\/web\/wp-json\/wp\/v2\/media?parent=42884"}],"wp:term":[{"taxonomy":"category","embeddable":true,"href":"https:\/\/www.radiopresidenteibanez.cl\/web\/wp-json\/wp\/v2\/categories?post=42884"},{"taxonomy":"post_tag","embeddable":true,"href":"https:\/\/www.radiopresidenteibanez.cl\/web\/wp-json\/wp\/v2\/tags?post=42884"}],"curies":[{"name":"wp","href":"https:\/\/api.w.org\/{rel}","templated":true}]}}