{"id":42881,"date":"2023-09-22T09:25:00","date_gmt":"2023-09-22T12:25:00","guid":{"rendered":"https:\/\/www.radiopresidenteibanez.cl\/web\/?p=42881"},"modified":"2023-09-22T08:31:09","modified_gmt":"2023-09-22T11:31:09","slug":"carpinteros-de-ribera-de-la-region-se-reunieron-en-puerto-eden-covocados-por-el-serpat","status":"publish","type":"post","link":"https:\/\/www.radiopresidenteibanez.cl\/web\/carpinteros-de-ribera-de-la-region-se-reunieron-en-puerto-eden-covocados-por-el-serpat\/","title":{"rendered":"CARPINTEROS DE RIBERA DE LA REGION SE REUNIERON EN PUERTO EDEN COVOCADOS POR EL SERPAT"},"content":{"rendered":"\n<p>La Carpinter\u00eda de Ribera que se desarrolla en la Regi\u00f3n de Magallanes y Ant\u00e1rtica Chilena es un oficio especializado que consiste en la construcci\u00f3n artesanal de embarcaciones de madera, destinadas a actividades pesqueras, de transporte y tur\u00edsticas, aprendido de forma oral a trav\u00e9s de la pr\u00e1ctica. Entre los saberes tradicionales que le caracterizan, se identifica un conjunto de conocimientos ecosist\u00e9micos sobre la flora local, relevante para la selecci\u00f3n de maderas nativas en lugares cercanos a Punta Arenas, Puerto Natales, Puerto Ed\u00e9n y Puerto Williams. As\u00ed tambi\u00e9n, destaca el conocimiento sobre mareas, clima y navegaci\u00f3n, articulando en ello memorias territoriales ind\u00edgenas de larga data.&nbsp;<\/p>\n\n\n\n<p>La actividad estuvo a cargo del \u00e1rea de Patrimonio Cultural Inmaterial del Serpat y cont\u00f3 con la presencia&nbsp;de ocho cultores&nbsp;que ejercen este oficio reconocido por el Estado chileno como Patrimonio Cultural Inmaterial, e&nbsp;ingresado al Registro e Inventario Nacional seg\u00fan las directrices de Unesco.&nbsp;As\u00ed, participaron&nbsp;Juan Chiguay, Jos\u00e9 Tac\u00fal y Francisco Vidal de Punta Arenas; Bercio Cid, de Puerto Natales,&nbsp;y Hugo Z\u00fa\u00f1iga y Francisco Arroyo, de Puerto Ed\u00e9n.&nbsp;<\/p>\n\n\n\n<p>Los temas abordados se orientaron a&nbsp;establecer, de com\u00fan acuerdo, criterios y un protocolo de incorporaci\u00f3n de nuevos integrantes a esta comunidad cultora. Entre ellos, destaca el requisito de haber construido, al menos, una embarcaci\u00f3n artesanal de principio a fin.<\/p>\n\n\n\n<p>Tambi\u00e9n se evaluaron alternativas de asociatividad para acceder de manera colectiva a recursos y apoyo de diversas fuentes; se trabaj\u00f3 en la definici\u00f3n de&nbsp;objetivos comunes para proyectar acciones&nbsp;en torno al reconocimiento local y regional de este oficio tradicional, as\u00ed como para su&nbsp;difusi\u00f3n y transmisi\u00f3n a las nuevas generaciones. Finalmente, se trat\u00f3 la necesidad de establecer estrategias para acceder a programas de&nbsp;fomento productivo para su&nbsp;desarrollo&nbsp;en la regi\u00f3n.&nbsp;<\/p>\n\n\n\n<p>El director regional del Serpat, Pablo Quercia, destac\u00f3 la realizaci\u00f3n de este encuentro \u00abpues propici\u00f3 un interesante intercambio de saberes y experiencias. Las principales discusiones y acuerdos tuvieron que ver con la definici\u00f3n de un protocolo de incorporaci\u00f3n de nuevos cultores y los planes de asociatividad a nivel regional para gestionar acciones de difusi\u00f3n, fomento y salvaguardia de esta actividad,&nbsp;que&nbsp;no es solo un oficio tradicional, sino toda&nbsp;una cultura\u201d.<\/p>\n\n\n\n<p>En el marco de este encuentro se hizo entrega&nbsp;del certificado de cultor a Francisco Arroyo Ed\u00e9n, constructor de canoas (k\u00e1jef) kaw\u00e9sqar y de embarcaciones artesanales de tradici\u00f3n chilota. Asimismo, se&nbsp;realiz\u00f3&nbsp;una navegaci\u00f3n patrimonial&nbsp;por los alrededores de Puerto Ed\u00e9n, a cargo de la familia Z\u00fa\u00f1iga en la embarcaci\u00f3n Lautaro, lancha de pasajeros que espera ser una contribuci\u00f3n a la navegaci\u00f3n tur\u00edstica en la zona. A juicio de los organizadores, el encuentro se&nbsp;vivi\u00f3 en&nbsp;un&nbsp;esp\u00edritu de camarader\u00eda propicio para el intercambio de historias, memorias y experiencias entre los participantes.&nbsp;<\/p>\n","protected":false},"excerpt":{"rendered":"<p>La Carpinter\u00eda de Ribera que se desarrolla en la Regi\u00f3n de Magallanes y Ant\u00e1rtica Chilena es un oficio especializado que consiste en la construcci\u00f3n artesanal de embarcaciones de madera, destinadas&#8230; <a class=\"read-more\" href=\"https:\/\/www.radiopresidenteibanez.cl\/web\/carpinteros-de-ribera-de-la-region-se-reunieron-en-puerto-eden-covocados-por-el-serpat\/\">Leer m\u00e1s<\/a><\/p>\n","protected":false},"author":2,"featured_media":42882,"comment_status":"closed","ping_status":"closed","sticky":false,"template":"","format":"standard","meta":{"footnotes":""},"categories":[1],"tags":[],"class_list":["post-42881","post","type-post","status-publish","format-standard","has-post-thumbnail","hentry","category-cronica"],"_links":{"self":[{"href":"https:\/\/www.radiopresidenteibanez.cl\/web\/wp-json\/wp\/v2\/posts\/42881","targetHints":{"allow":["GET"]}}],"collection":[{"href":"https:\/\/www.radiopresidenteibanez.cl\/web\/wp-json\/wp\/v2\/posts"}],"about":[{"href":"https:\/\/www.radiopresidenteibanez.cl\/web\/wp-json\/wp\/v2\/types\/post"}],"author":[{"embeddable":true,"href":"https:\/\/www.radiopresidenteibanez.cl\/web\/wp-json\/wp\/v2\/users\/2"}],"replies":[{"embeddable":true,"href":"https:\/\/www.radiopresidenteibanez.cl\/web\/wp-json\/wp\/v2\/comments?post=42881"}],"version-history":[{"count":0,"href":"https:\/\/www.radiopresidenteibanez.cl\/web\/wp-json\/wp\/v2\/posts\/42881\/revisions"}],"wp:featuredmedia":[{"embeddable":true,"href":"https:\/\/www.radiopresidenteibanez.cl\/web\/wp-json\/wp\/v2\/media\/42882"}],"wp:attachment":[{"href":"https:\/\/www.radiopresidenteibanez.cl\/web\/wp-json\/wp\/v2\/media?parent=42881"}],"wp:term":[{"taxonomy":"category","embeddable":true,"href":"https:\/\/www.radiopresidenteibanez.cl\/web\/wp-json\/wp\/v2\/categories?post=42881"},{"taxonomy":"post_tag","embeddable":true,"href":"https:\/\/www.radiopresidenteibanez.cl\/web\/wp-json\/wp\/v2\/tags?post=42881"}],"curies":[{"name":"wp","href":"https:\/\/api.w.org\/{rel}","templated":true}]}}