{"id":42878,"date":"2023-09-22T08:25:30","date_gmt":"2023-09-22T11:25:30","guid":{"rendered":"https:\/\/www.radiopresidenteibanez.cl\/web\/?p=42878"},"modified":"2023-09-22T08:25:35","modified_gmt":"2023-09-22T11:25:35","slug":"santo-tomas-realizo-feria-de-empleabilidad-y-emprendimiento","status":"publish","type":"post","link":"https:\/\/www.radiopresidenteibanez.cl\/web\/santo-tomas-realizo-feria-de-empleabilidad-y-emprendimiento\/","title":{"rendered":"SANTO TOMAS REALIZO FERIA DE EMPLEABILIDAD Y EMPRENDIMIENTO"},"content":{"rendered":"\n<p>Con una feria de empleabilidad y emprendimiento, Santo Tom\u00e1s realiz\u00f3 la&nbsp;Semana de la Empleabilidad, Emprendimiento e Innovaci\u00f3n, iniciativa que busca compartir experiencias e ideas en torno a estas tem\u00e1ticas, construir redes profesionales y entregar herramientas para formalizar una idea de negocio.<\/p>\n\n\n\n<p>Esta actividad se realiz\u00f3, de manera simult\u00e1nea, en todas las sedes del pa\u00eds y contempl\u00f3 un ciclo de charlas virtuales sobre formalizaci\u00f3n de negocios, inscripci\u00f3n de marcas, mercado laboral, entre otros. En tanto, la feria presencial cont\u00f3 con emprendimientos liderados por egresados de Santo Tom\u00e1s y que est\u00e1n dedicados a la realizaci\u00f3n de dibujos personalizados, venta de art\u00edculos de mascotas, entre otros. Asimismo, empleadores dieron a conocer su oferta de empleos y el Centro de Negocios de Sercotec entreg\u00f3 informaci\u00f3n sobre asesor\u00edas t\u00e9cnicas, capacitaciones y acceso al financiamiento.<\/p>\n\n\n\n<p>Valeska Acevedo, rectora Santo Tom\u00e1s Punta Arenas, coment\u00f3 que \u201cesta actividad busca que los estudiantes tengan acceso a ofertas de empleo, como tambi\u00e9n que conozcan sobre las diferentes asesor\u00edas y capacitaciones que tienen para iniciar un emprendimiento. Por otro lado, la posibilidad que nuestros egresados, que se atrevieron a emprender, puedan ofrecer sus productos y servicios en la misma instituci\u00f3n donde desarrollaron su educaci\u00f3n superior\u201d.<\/p>\n\n\n\n<p>Beatriz Perez, es egresada de T\u00e9cnico en Hoteler\u00eda y Turismo de la sede Punta Arenas y present\u00f3 en la feria su emprendimiento sobre jabones naturales a base de glicerina, carb\u00f3n activado que sirve para pieles sensibles y personas con acn\u00e9. \u201cEstoy super agradecida por la instancia de mostrar mis productos y compartir experiencias con el resto de las personas\u201d, coment\u00f3.<\/p>\n\n\n\n<p>Por su parte Yanina Paredes, egresada de Ingenier\u00eda de Ejecuci\u00f3n en Administraci\u00f3n, estuvo presente en la feria con su emprendimiento dedicado a la venta de art\u00edculos para mascotas dom\u00e9sticas y ex\u00f3ticas. Cuenta que al finalizar su carrera realiz\u00f3 la practica laboral con un agente operador de Sercotec, donde aprendi\u00f3 a realizar proyectos. \u201cFue as\u00ed como postul\u00e9 y gan\u00e9 un capital abeja y pude iniciarme en este mundo del emprendimiento con \u2018Peludolandia\u2019. Estoy muy agradecida por la oportunidad de que me da la instituci\u00f3n de participar en esta instancia\u201d, agreg\u00f3.<\/p>\n\n\n\n<p>Las actividades de la Semana de la Empleabilidad y Emprendimiento, busca, entre otras cosas,&nbsp;potenciar el relacionamiento con estudiantes y egresados, dando \u00e9nfasis a contribuir en el desarrollo de habilidades y competencias en dimensiones de empleabilidad, emprendimiento e innovaci\u00f3n.<\/p>\n","protected":false},"excerpt":{"rendered":"<p>Con una feria de empleabilidad y emprendimiento, Santo Tom\u00e1s realiz\u00f3 la&nbsp;Semana de la Empleabilidad, Emprendimiento e Innovaci\u00f3n, iniciativa que busca compartir experiencias e ideas en torno a estas tem\u00e1ticas, construir&#8230; <a class=\"read-more\" href=\"https:\/\/www.radiopresidenteibanez.cl\/web\/santo-tomas-realizo-feria-de-empleabilidad-y-emprendimiento\/\">Leer m\u00e1s<\/a><\/p>\n","protected":false},"author":2,"featured_media":42879,"comment_status":"closed","ping_status":"closed","sticky":false,"template":"","format":"standard","meta":{"footnotes":""},"categories":[1],"tags":[],"class_list":["post-42878","post","type-post","status-publish","format-standard","has-post-thumbnail","hentry","category-cronica"],"_links":{"self":[{"href":"https:\/\/www.radiopresidenteibanez.cl\/web\/wp-json\/wp\/v2\/posts\/42878","targetHints":{"allow":["GET"]}}],"collection":[{"href":"https:\/\/www.radiopresidenteibanez.cl\/web\/wp-json\/wp\/v2\/posts"}],"about":[{"href":"https:\/\/www.radiopresidenteibanez.cl\/web\/wp-json\/wp\/v2\/types\/post"}],"author":[{"embeddable":true,"href":"https:\/\/www.radiopresidenteibanez.cl\/web\/wp-json\/wp\/v2\/users\/2"}],"replies":[{"embeddable":true,"href":"https:\/\/www.radiopresidenteibanez.cl\/web\/wp-json\/wp\/v2\/comments?post=42878"}],"version-history":[{"count":0,"href":"https:\/\/www.radiopresidenteibanez.cl\/web\/wp-json\/wp\/v2\/posts\/42878\/revisions"}],"wp:featuredmedia":[{"embeddable":true,"href":"https:\/\/www.radiopresidenteibanez.cl\/web\/wp-json\/wp\/v2\/media\/42879"}],"wp:attachment":[{"href":"https:\/\/www.radiopresidenteibanez.cl\/web\/wp-json\/wp\/v2\/media?parent=42878"}],"wp:term":[{"taxonomy":"category","embeddable":true,"href":"https:\/\/www.radiopresidenteibanez.cl\/web\/wp-json\/wp\/v2\/categories?post=42878"},{"taxonomy":"post_tag","embeddable":true,"href":"https:\/\/www.radiopresidenteibanez.cl\/web\/wp-json\/wp\/v2\/tags?post=42878"}],"curies":[{"name":"wp","href":"https:\/\/api.w.org\/{rel}","templated":true}]}}