{"id":42874,"date":"2023-09-22T02:07:01","date_gmt":"2023-09-22T05:07:01","guid":{"rendered":"https:\/\/www.radiopresidenteibanez.cl\/web\/?p=42874"},"modified":"2023-09-22T02:07:07","modified_gmt":"2023-09-22T05:07:07","slug":"a-27-anos-de-la-partida-de-fernando-ferrer","status":"publish","type":"post","link":"https:\/\/www.radiopresidenteibanez.cl\/web\/a-27-anos-de-la-partida-de-fernando-ferrer\/","title":{"rendered":"A 27 A\u00d1OS DE LA PARTIDA DE FERNANDO FERRER."},"content":{"rendered":"\n<p>El Grupo Taller Alturas rinde homenaje al creador del \u00abCanto a Magallanes\u00bb y \u00abEl Pionero\u00bb.<\/p>\n\n\n\n<p>\u201cAQU\u00cd YACE EL GRACIOSO , ESPONTANEO ARISTOCR\u00c1TICO Y FIEL AMANTE DE MAGALLANES, VENERABLE DON FERNANDO LE\u00d3N FERRER FERN\u00c1NDEZ QUE EN PAZ DESCANSE, QUIEN EN VIDA HIZO MUCHAS COSAS, LAS BUENAS LAS HIZO MAL Y LAS MALAS LAS HIZO BIEN,Y POR ESO SE MURI\u00d3, ES GRACIA\u201d.<\/p>\n\n\n\n<figure class=\"wp-block-video\"><video height=\"720\" style=\"aspect-ratio: 1280 \/ 720;\" width=\"1280\" controls src=\"https:\/\/www.radiopresidenteibanez.cl\/web\/wp-content\/uploads\/2023\/09\/Grupo-Taller-Alturas__Falta-tu-voz_-M.Palma_.mp4\"><\/video><\/figure>\n","protected":false},"excerpt":{"rendered":"<p>El Grupo Taller Alturas rinde homenaje al creador del \u00abCanto a Magallanes\u00bb y \u00abEl Pionero\u00bb. \u201cAQU\u00cd YACE EL GRACIOSO , ESPONTANEO ARISTOCR\u00c1TICO Y FIEL AMANTE DE MAGALLANES, VENERABLE DON FERNANDO&#8230; <a class=\"read-more\" href=\"https:\/\/www.radiopresidenteibanez.cl\/web\/a-27-anos-de-la-partida-de-fernando-ferrer\/\">Leer m\u00e1s<\/a><\/p>\n","protected":false},"author":2,"featured_media":42875,"comment_status":"closed","ping_status":"closed","sticky":false,"template":"","format":"standard","meta":{"footnotes":""},"categories":[1,4,36],"tags":[12],"class_list":["post-42874","post","type-post","status-publish","format-standard","has-post-thumbnail","hentry","category-cronica","category-entretenimiento-y-cultura","category-videos","tag-magallanes"],"_links":{"self":[{"href":"https:\/\/www.radiopresidenteibanez.cl\/web\/wp-json\/wp\/v2\/posts\/42874","targetHints":{"allow":["GET"]}}],"collection":[{"href":"https:\/\/www.radiopresidenteibanez.cl\/web\/wp-json\/wp\/v2\/posts"}],"about":[{"href":"https:\/\/www.radiopresidenteibanez.cl\/web\/wp-json\/wp\/v2\/types\/post"}],"author":[{"embeddable":true,"href":"https:\/\/www.radiopresidenteibanez.cl\/web\/wp-json\/wp\/v2\/users\/2"}],"replies":[{"embeddable":true,"href":"https:\/\/www.radiopresidenteibanez.cl\/web\/wp-json\/wp\/v2\/comments?post=42874"}],"version-history":[{"count":0,"href":"https:\/\/www.radiopresidenteibanez.cl\/web\/wp-json\/wp\/v2\/posts\/42874\/revisions"}],"wp:featuredmedia":[{"embeddable":true,"href":"https:\/\/www.radiopresidenteibanez.cl\/web\/wp-json\/wp\/v2\/media\/42875"}],"wp:attachment":[{"href":"https:\/\/www.radiopresidenteibanez.cl\/web\/wp-json\/wp\/v2\/media?parent=42874"}],"wp:term":[{"taxonomy":"category","embeddable":true,"href":"https:\/\/www.radiopresidenteibanez.cl\/web\/wp-json\/wp\/v2\/categories?post=42874"},{"taxonomy":"post_tag","embeddable":true,"href":"https:\/\/www.radiopresidenteibanez.cl\/web\/wp-json\/wp\/v2\/tags?post=42874"}],"curies":[{"name":"wp","href":"https:\/\/api.w.org\/{rel}","templated":true}]}}