{"id":4285,"date":"2019-05-16T12:08:51","date_gmt":"2019-05-16T12:08:51","guid":{"rendered":"http:\/\/www.radiopresidenteibanez.cl\/web\/?p=4285"},"modified":"2019-05-16T12:10:26","modified_gmt":"2019-05-16T12:10:26","slug":"municipio-entrego-mas-de-390-millones-de-pesos-a-la-fundacion-cultural-de-punta-arenas-para-la-realizacion-de-las-actividades-invernales","status":"publish","type":"post","link":"https:\/\/www.radiopresidenteibanez.cl\/web\/municipio-entrego-mas-de-390-millones-de-pesos-a-la-fundacion-cultural-de-punta-arenas-para-la-realizacion-de-las-actividades-invernales\/","title":{"rendered":"MUNICIPIO ENTREGO MAS DE 390 MILLONES DE PESOS A LA FUNDACION CULTURAL DE PUNTA ARENAS PARA LA REALIZACION DE LAS ACTIVIDADES INVERNALES."},"content":{"rendered":"\n<p>Hace m\u00e1s de un a\u00f1o que la Concejala Ver\u00f3nica Aguilar, presidenta de la Comisi\u00f3n de Cultura, entrego el proyecto al Concejo Comunal, y que fue aprobada por unanimidad.<\/p>\n\n\n\n<p>Despu\u00e9s de mucho trabajo, la Fundaci\u00f3n Cultural empieza a tener vida propia, tras el proyecto aprobado por el concejo, los estatutos y la elecci\u00f3n del Directorio, este mi\u00e9rcoles el Concejo aprob\u00f3 la modificaci\u00f3n presupuestaria de m\u00e1s de 390 millones de pesos, que permitir\u00e1 realizar de manera m\u00e1s expedita las iniciativas culturales en el marco de las Invernadas en la Patagonia.<\/p>\n\n\n\n<p>Con este traspaso, la Fundaci\u00f3n podr\u00e1 comenzar el trabajo en la comuna, la b\u00fasqueda de recursos de privados y la generaci\u00f3n de nuevos proyectos que permitan un avance en el \u00e1rea de gesti\u00f3n cultural.<\/p>\n\n\n\n<p>\u201cHoy hemos terminado un proceso importante, que permitir\u00e1 un trabajo en conjunto entre la Fundaci\u00f3n, los gestores y gestoras y el Municipio, y comienza el trabajo de fiscalizaci\u00f3n en la utilizaci\u00f3n de los recursos y en las iniciativas que se propongan\u201d, se\u00f1alo la concejala Ver\u00f3nica Aguilar.<\/p>\n\n\n\n<figure class=\"wp-block-image\"><img loading=\"lazy\" decoding=\"async\" width=\"1024\" height=\"576\" src=\"http:\/\/www.radiopresidenteibanez.cl\/web\/wp-content\/uploads\/2019\/05\/image-1-1024x576.png\" alt=\"\" class=\"wp-image-4286\" srcset=\"https:\/\/www.radiopresidenteibanez.cl\/web\/wp-content\/uploads\/2019\/05\/image-1-1024x576.png 1024w, https:\/\/www.radiopresidenteibanez.cl\/web\/wp-content\/uploads\/2019\/05\/image-1-300x169.png 300w, https:\/\/www.radiopresidenteibanez.cl\/web\/wp-content\/uploads\/2019\/05\/image-1-768x432.png 768w, https:\/\/www.radiopresidenteibanez.cl\/web\/wp-content\/uploads\/2019\/05\/image-1.png 1130w\" sizes=\"auto, (max-width: 1024px) 100vw, 1024px\" \/><\/figure>\n","protected":false},"excerpt":{"rendered":"<p>Hace m\u00e1s de un a\u00f1o que la Concejala Ver\u00f3nica Aguilar, presidenta de la Comisi\u00f3n de Cultura, entrego el proyecto al Concejo Comunal, y que fue aprobada por unanimidad. Despu\u00e9s de&#8230; <a class=\"read-more\" href=\"https:\/\/www.radiopresidenteibanez.cl\/web\/municipio-entrego-mas-de-390-millones-de-pesos-a-la-fundacion-cultural-de-punta-arenas-para-la-realizacion-de-las-actividades-invernales\/\">Leer m\u00e1s<\/a><\/p>\n","protected":false},"author":2,"featured_media":4286,"comment_status":"closed","ping_status":"closed","sticky":false,"template":"","format":"standard","meta":{"footnotes":""},"categories":[1],"tags":[],"class_list":["post-4285","post","type-post","status-publish","format-standard","has-post-thumbnail","hentry","category-cronica"],"_links":{"self":[{"href":"https:\/\/www.radiopresidenteibanez.cl\/web\/wp-json\/wp\/v2\/posts\/4285","targetHints":{"allow":["GET"]}}],"collection":[{"href":"https:\/\/www.radiopresidenteibanez.cl\/web\/wp-json\/wp\/v2\/posts"}],"about":[{"href":"https:\/\/www.radiopresidenteibanez.cl\/web\/wp-json\/wp\/v2\/types\/post"}],"author":[{"embeddable":true,"href":"https:\/\/www.radiopresidenteibanez.cl\/web\/wp-json\/wp\/v2\/users\/2"}],"replies":[{"embeddable":true,"href":"https:\/\/www.radiopresidenteibanez.cl\/web\/wp-json\/wp\/v2\/comments?post=4285"}],"version-history":[{"count":0,"href":"https:\/\/www.radiopresidenteibanez.cl\/web\/wp-json\/wp\/v2\/posts\/4285\/revisions"}],"wp:featuredmedia":[{"embeddable":true,"href":"https:\/\/www.radiopresidenteibanez.cl\/web\/wp-json\/wp\/v2\/media\/4286"}],"wp:attachment":[{"href":"https:\/\/www.radiopresidenteibanez.cl\/web\/wp-json\/wp\/v2\/media?parent=4285"}],"wp:term":[{"taxonomy":"category","embeddable":true,"href":"https:\/\/www.radiopresidenteibanez.cl\/web\/wp-json\/wp\/v2\/categories?post=4285"},{"taxonomy":"post_tag","embeddable":true,"href":"https:\/\/www.radiopresidenteibanez.cl\/web\/wp-json\/wp\/v2\/tags?post=4285"}],"curies":[{"name":"wp","href":"https:\/\/api.w.org\/{rel}","templated":true}]}}