{"id":42836,"date":"2023-09-20T13:50:00","date_gmt":"2023-09-20T16:50:00","guid":{"rendered":"https:\/\/www.radiopresidenteibanez.cl\/web\/?p=42836"},"modified":"2023-09-20T11:07:53","modified_gmt":"2023-09-20T14:07:53","slug":"escuela-rural-de-quilquico-de-chiloe-recibe-el-premio-margot-loyola-por-la-puesta-en-valor-del-patrimonio-desde-la-educacion","status":"publish","type":"post","link":"https:\/\/www.radiopresidenteibanez.cl\/web\/escuela-rural-de-quilquico-de-chiloe-recibe-el-premio-margot-loyola-por-la-puesta-en-valor-del-patrimonio-desde-la-educacion\/","title":{"rendered":"ESCUELA RURAL DE QUILQUICO DE CHILO\u00c9 RECIBE EL PREMIO MARGOT LOYOLA POR LA PUESTA EN VALOR DEL PATRIMONIO DESDE LA EDUCACI\u00d3N"},"content":{"rendered":"\n<p>Felices y emocionados de recibir el Premio Margot Loyola Palacios 2023 otorgado por el Ministerio de la Culturas, Arte y Patrimonios, se manifest\u00f3 la comunidad educativa de la Escuela Rural de Quilquico ubicada en Castro, Isla de Chilo\u00e9.<\/p>\n\n\n\n<p>En la ceremonia de la Octava versi\u00f3n del Premio a la Trayectoria Cultural realizada en el Palacio de La Moneda y en el marco del natalicio de la folclorista nacional, se destac\u00f3 a la Escuela Rural de Quilquico por ser un referente en el archipi\u00e9lago de Chilo\u00e9 en la promoci\u00f3n de un aprendizaje basado en el patrimonio cultural, el arte y medioambiente y por so\u00f1ar con una educaci\u00f3n distinta, en donde los saberes locales sean tan importantes como los universales.<\/p>\n\n\n\n<p>Para la Directora de la Escuela de Quilquico, Andrea Teiguel, este reconocimiento es un logro de toda la comunidad de la centenaria escuela, \u201ces de todos quienes amamos la educaci\u00f3n p\u00fablica y luchamos por dignificarla cada d\u00eda, ese era el sue\u00f1o que ten\u00eda Margot y es el que hist\u00f3ricamente han tenido muchos maestros, que la educaci\u00f3n ponga valor a la sabidur\u00eda de los territorios, no solo al curr\u00edculum de un conocimiento est\u00e1ndar\u201d<\/p>\n\n\n\n<p>Para el Presidente del Centro General de Padres de la Escuela de Quilquico, Gonzalo Barr\u00eda, este reconocimiento es un gran logro \u201csomos una escuela peque\u00f1a, pero con un coraz\u00f3n muy grande, no por ser una escuela rural nos deben discriminar, la uni\u00f3n hace la fuerza y nosotros trabajamos en comunidad\u201d&nbsp;<\/p>\n\n\n\n<p>El Presidente del Colegio de Profesoras y Profesores Metropolitano, Mario Aguilar, invitado a la ceremonia, destac\u00f3 que \u201cuna escuela p\u00fablica rural de una isla, realiza un extraordinario trabajo que destaca la importancia de la Educaci\u00f3n P\u00fablica chilena\u201d<\/p>\n","protected":false},"excerpt":{"rendered":"<p>Felices y emocionados de recibir el Premio Margot Loyola Palacios 2023 otorgado por el Ministerio de la Culturas, Arte y Patrimonios, se manifest\u00f3 la comunidad educativa de la Escuela Rural&#8230; <a class=\"read-more\" href=\"https:\/\/www.radiopresidenteibanez.cl\/web\/escuela-rural-de-quilquico-de-chiloe-recibe-el-premio-margot-loyola-por-la-puesta-en-valor-del-patrimonio-desde-la-educacion\/\">Leer m\u00e1s<\/a><\/p>\n","protected":false},"author":2,"featured_media":42837,"comment_status":"closed","ping_status":"closed","sticky":false,"template":"","format":"standard","meta":{"footnotes":""},"categories":[1],"tags":[],"class_list":["post-42836","post","type-post","status-publish","format-standard","has-post-thumbnail","hentry","category-cronica"],"_links":{"self":[{"href":"https:\/\/www.radiopresidenteibanez.cl\/web\/wp-json\/wp\/v2\/posts\/42836","targetHints":{"allow":["GET"]}}],"collection":[{"href":"https:\/\/www.radiopresidenteibanez.cl\/web\/wp-json\/wp\/v2\/posts"}],"about":[{"href":"https:\/\/www.radiopresidenteibanez.cl\/web\/wp-json\/wp\/v2\/types\/post"}],"author":[{"embeddable":true,"href":"https:\/\/www.radiopresidenteibanez.cl\/web\/wp-json\/wp\/v2\/users\/2"}],"replies":[{"embeddable":true,"href":"https:\/\/www.radiopresidenteibanez.cl\/web\/wp-json\/wp\/v2\/comments?post=42836"}],"version-history":[{"count":0,"href":"https:\/\/www.radiopresidenteibanez.cl\/web\/wp-json\/wp\/v2\/posts\/42836\/revisions"}],"wp:featuredmedia":[{"embeddable":true,"href":"https:\/\/www.radiopresidenteibanez.cl\/web\/wp-json\/wp\/v2\/media\/42837"}],"wp:attachment":[{"href":"https:\/\/www.radiopresidenteibanez.cl\/web\/wp-json\/wp\/v2\/media?parent=42836"}],"wp:term":[{"taxonomy":"category","embeddable":true,"href":"https:\/\/www.radiopresidenteibanez.cl\/web\/wp-json\/wp\/v2\/categories?post=42836"},{"taxonomy":"post_tag","embeddable":true,"href":"https:\/\/www.radiopresidenteibanez.cl\/web\/wp-json\/wp\/v2\/tags?post=42836"}],"curies":[{"name":"wp","href":"https:\/\/api.w.org\/{rel}","templated":true}]}}