{"id":42823,"date":"2023-09-20T09:14:00","date_gmt":"2023-09-20T12:14:00","guid":{"rendered":"https:\/\/www.radiopresidenteibanez.cl\/web\/?p=42823"},"modified":"2023-09-20T08:20:35","modified_gmt":"2023-09-20T11:20:35","slug":"umag-e-inach-realizaron-un-taller-de-fanzine-cientifico-para-estudiantes-secundarios","status":"publish","type":"post","link":"https:\/\/www.radiopresidenteibanez.cl\/web\/umag-e-inach-realizaron-un-taller-de-fanzine-cientifico-para-estudiantes-secundarios\/","title":{"rendered":"UMAG e INACH REALIZARON UN TALLER DE FANZINE CIENTIFICO PARA ESTUDIANTES SECUNDARIOS"},"content":{"rendered":"\n<p>Durante agosto se realiz\u00f3 en el Liceo Pedro Pablo Lemaitre de Punta Arenas el Taller de&nbsp;Fanzine&nbsp;sobre Ant\u00e1rtica, el cual culmin\u00f3 con una feria cient\u00edfica realizada por los estudiantes del establecimiento. El taller fue dictado por Antonia R\u00edos Lamas, Rodrigo Montero Moss y Nitzam\u00e9 Mayorga Gallardo del \u00c1rea de Arte, Cultura y Patrimonio. Adem\u00e1s se cont\u00f3 con la mediaci\u00f3n de las Profesoras Patricia Altamirano y Mariela Silva del Liceo \u201cPedro Pablo Lemaitre\u201d y con el apoyo del Instituto Ant\u00e1rtico Chileno (INACH) y la participaci\u00f3n de las bi\u00f3logas marinas Constanza Jim\u00e9nez y Jessica Paredes del Departamento de Comunicaciones y Educaci\u00f3n del INACH, la paleobot\u00e1nica Cristine Trevisan, la ge\u00f3loga Leslie Manr\u00edquez, el estudiante en pr\u00e1ctica de Ciencias Sociales de la Universidad Iberoamericana Puebla, Giovanni Fetter y Mat\u00edas Contreras de CONAF.<\/p>\n\n\n\n<p>Durante este taller se instruy\u00f3 a los estudiantes sobre la historia del&nbsp;fanzine, su est\u00e9tica, su funci\u00f3n social y cultural y se les dieron bases de estilo y dise\u00f1o. Luego con el apoyo de profesionales del Instituto Ant\u00e1rtico Chileno se hizo una visita a los viveros del INACH donde recibieron charlas sobre el pasado, presente, flora y fauna de la Ant\u00e1rtica Verde y tuvieron oportunidad de fotografiar plantas y f\u00f3siles, hacer preguntas y tomar notas para la producci\u00f3n de sus&nbsp;fanzines. Luego tuvieron una jornada de trabajo donde tomaron todo lo aprendido y la informaci\u00f3n recopilada para crear sus&nbsp;fanzines.<\/p>\n\n\n\n<p>Para finalizar el trabajo se present\u00f3 el pasado 5 de septiembre en el Sal\u00f3n de Actos del Colegio Pedro Pablo Lemaitre lo que se denomin\u00f3 una \u201cFeria Cient\u00edfica Estudiantil\u201d, donde cada grupo de estudiantes hizo una presentaci\u00f3n de su&nbsp;fanzine&nbsp;incluyendo un stand expositivo y discusiones sobre el trabajo realizado y sobre los aspectos de la Ant\u00e1rtica que cubrieron en su&nbsp;fanzine&nbsp;y porqu\u00e9 los eligieron. A esta muestra fueron invitados estudiantes de otros grupos del liceo y se cont\u00f3 con la presencia de&nbsp;Cristine Trevisan, Leslie Manr\u00edquez y Giovanni Fette del INACH y Rodrigo Gonz\u00e1lez Vivar y Rafael Cheuquelaf&nbsp; en representaci\u00f3n \u00c1rea de Arte, Culturas y Patrimonio de la Direcci\u00f3n de Cultura y Deporte de la Vicerrector\u00eda de Vinculaci\u00f3n con el Medio de la Universidad de Magallanes.<\/p>\n","protected":false},"excerpt":{"rendered":"<p>Durante agosto se realiz\u00f3 en el Liceo Pedro Pablo Lemaitre de Punta Arenas el Taller de&nbsp;Fanzine&nbsp;sobre Ant\u00e1rtica, el cual culmin\u00f3 con una feria cient\u00edfica realizada por los estudiantes del establecimiento&#8230;. <a class=\"read-more\" href=\"https:\/\/www.radiopresidenteibanez.cl\/web\/umag-e-inach-realizaron-un-taller-de-fanzine-cientifico-para-estudiantes-secundarios\/\">Leer m\u00e1s<\/a><\/p>\n","protected":false},"author":2,"featured_media":42824,"comment_status":"closed","ping_status":"closed","sticky":false,"template":"","format":"standard","meta":{"footnotes":""},"categories":[1],"tags":[],"class_list":["post-42823","post","type-post","status-publish","format-standard","has-post-thumbnail","hentry","category-cronica"],"_links":{"self":[{"href":"https:\/\/www.radiopresidenteibanez.cl\/web\/wp-json\/wp\/v2\/posts\/42823","targetHints":{"allow":["GET"]}}],"collection":[{"href":"https:\/\/www.radiopresidenteibanez.cl\/web\/wp-json\/wp\/v2\/posts"}],"about":[{"href":"https:\/\/www.radiopresidenteibanez.cl\/web\/wp-json\/wp\/v2\/types\/post"}],"author":[{"embeddable":true,"href":"https:\/\/www.radiopresidenteibanez.cl\/web\/wp-json\/wp\/v2\/users\/2"}],"replies":[{"embeddable":true,"href":"https:\/\/www.radiopresidenteibanez.cl\/web\/wp-json\/wp\/v2\/comments?post=42823"}],"version-history":[{"count":0,"href":"https:\/\/www.radiopresidenteibanez.cl\/web\/wp-json\/wp\/v2\/posts\/42823\/revisions"}],"wp:featuredmedia":[{"embeddable":true,"href":"https:\/\/www.radiopresidenteibanez.cl\/web\/wp-json\/wp\/v2\/media\/42824"}],"wp:attachment":[{"href":"https:\/\/www.radiopresidenteibanez.cl\/web\/wp-json\/wp\/v2\/media?parent=42823"}],"wp:term":[{"taxonomy":"category","embeddable":true,"href":"https:\/\/www.radiopresidenteibanez.cl\/web\/wp-json\/wp\/v2\/categories?post=42823"},{"taxonomy":"post_tag","embeddable":true,"href":"https:\/\/www.radiopresidenteibanez.cl\/web\/wp-json\/wp\/v2\/tags?post=42823"}],"curies":[{"name":"wp","href":"https:\/\/api.w.org\/{rel}","templated":true}]}}