{"id":42773,"date":"2023-09-14T14:10:00","date_gmt":"2023-09-14T17:10:00","guid":{"rendered":"https:\/\/www.radiopresidenteibanez.cl\/web\/?p=42773"},"modified":"2023-09-14T10:55:56","modified_gmt":"2023-09-14T13:55:56","slug":"injuv-y-cft-de-magallanes-firman-convenio-para-promover-acceso-a-la-educacion-tecnico-profesional-a-jovenes-de-la-region","status":"publish","type":"post","link":"https:\/\/www.radiopresidenteibanez.cl\/web\/injuv-y-cft-de-magallanes-firman-convenio-para-promover-acceso-a-la-educacion-tecnico-profesional-a-jovenes-de-la-region\/","title":{"rendered":"INJUV Y CFT DE MAGALLANES FIRMAN CONVENIO PARA PROMOVER ACCESO A LA EDUCACION TECNICO-PROFESIONAL A JOVENES DE LA REGION"},"content":{"rendered":"\n<p>En Punta Arenas se firm\u00f3 el convenio de colaboraci\u00f3n entre el Instituto Nacional de la Juventud (Injuv) y el Centro de Formaci\u00f3n T\u00e9cnica (CFT) de Magallanes, documento en que ambas instituciones comprometieron esfuerzos mancomunados para acercar las oportunidades acad\u00e9micas a las y los j\u00f3venes de la Region.<br>Estamparon su r\u00fabrica en el documento la directora regional del Injuv, Carla Cifuentes<br>Vladilo, y el rector (S) de la casa de estudios t\u00e9cnicos estatal, Jos\u00e9 Miguel Campos Prieto.<br>La directora regional de Injuv, se\u00f1al\u00f3 al respecto: \u201cPara nosotros es s\u00faper importante y<br>estamos muy contentos de poder tener esta instancia, porque nos permite avanzar en<br>trabajar de manera intersectorial, de manera articulada y de manera coordinada con otras<br>y con otros, sobre todo, en lo que tiene que ver con el mundo de la academia. El CFT es<br>una instituci\u00f3n importante, no solo para la comuna de Porvenir, sino que tambi\u00e9n acoge a<br>j\u00f3venes de otras comunas de la regi\u00f3n, quienes tienen la oportunidad de aprender, de<br>educarse, de cursar un nivel superior de estudios; y a trav\u00e9s de este convenio, podemos<br>acercar esta oferta a las juventudes, y no s\u00f3lo a acceder a la educaci\u00f3n superior, sino<br>adem\u00e1s a diferentes \u00e1mbitos, espacios y beneficios que otorga el CFT\u201d.<br>Enfatiz\u00f3 Cifuentes adem\u00e1s que mientras diversas instituciones se sumen, desde el mundo<br>p\u00fablico, privado o acad\u00e9mico, se pueden entregar beneficios y opciones de mejor manera<br>a las y los j\u00f3venes de la regi\u00f3n.<br>El convenio firmado estrecha lazos entre ambas instituciones p\u00fablicas con un objetivo<br>claro, promover el acceso a la informaci\u00f3n y opciones acad\u00e9micas a j\u00f3venes de<br>Magallanes, fomentando actividades y eventos acad\u00e9micos, de extensi\u00f3n y orientaci\u00f3n a<br>la educaci\u00f3n superior; desarrollar conversatorios, seminarios o actividades promocionales<br>de mutuo y rec\u00edproco inter\u00e9s; y dise\u00f1ar en conjunto y\/o colaborar en proyectos de<br>innovaci\u00f3n acad\u00e9mica, que puedan ser una mejora educativa y social a la poblaci\u00f3n<br>objetivo de Injuv.<br>Sobre el compromiso adquirido, coment\u00f3 el rector (S) del CFT de Magallanes que \u201cpara<br>nosotros este convenio es crucial, ya que es en esta etapa de la vida en la que se inicia la<br>trayectoria de formaci\u00f3n y su vinculo entre la formaci\u00f3n e inserci\u00f3n en el mundo laboral.<br>Siempre hemos desarrollado proyectos que la ley nos mandata, a fin de aportar a la<br>diversificaci\u00f3n de la matriz productiva, y a los sectores socio-productivos; pero siempre<br>nos cuesta encontrar el hilo de d\u00f3nde est\u00e1n las personas que son el centro de nuestro<br>quehacer, y es en este convenio que nosotros encontramos que es donde se inicia el<br>proceso formativo. Creo que es uno de los convenios fundamentales para nuestra<br>instituci\u00f3n\u201d, destac\u00f3 Campos Prieto.<\/p>\n","protected":false},"excerpt":{"rendered":"<p>En Punta Arenas se firm\u00f3 el convenio de colaboraci\u00f3n entre el Instituto Nacional de la Juventud (Injuv) y el Centro de Formaci\u00f3n T\u00e9cnica (CFT) de Magallanes, documento en que ambas&#8230; <a class=\"read-more\" href=\"https:\/\/www.radiopresidenteibanez.cl\/web\/injuv-y-cft-de-magallanes-firman-convenio-para-promover-acceso-a-la-educacion-tecnico-profesional-a-jovenes-de-la-region\/\">Leer m\u00e1s<\/a><\/p>\n","protected":false},"author":2,"featured_media":42774,"comment_status":"closed","ping_status":"closed","sticky":false,"template":"","format":"standard","meta":{"footnotes":""},"categories":[1],"tags":[],"class_list":["post-42773","post","type-post","status-publish","format-standard","has-post-thumbnail","hentry","category-cronica"],"_links":{"self":[{"href":"https:\/\/www.radiopresidenteibanez.cl\/web\/wp-json\/wp\/v2\/posts\/42773","targetHints":{"allow":["GET"]}}],"collection":[{"href":"https:\/\/www.radiopresidenteibanez.cl\/web\/wp-json\/wp\/v2\/posts"}],"about":[{"href":"https:\/\/www.radiopresidenteibanez.cl\/web\/wp-json\/wp\/v2\/types\/post"}],"author":[{"embeddable":true,"href":"https:\/\/www.radiopresidenteibanez.cl\/web\/wp-json\/wp\/v2\/users\/2"}],"replies":[{"embeddable":true,"href":"https:\/\/www.radiopresidenteibanez.cl\/web\/wp-json\/wp\/v2\/comments?post=42773"}],"version-history":[{"count":0,"href":"https:\/\/www.radiopresidenteibanez.cl\/web\/wp-json\/wp\/v2\/posts\/42773\/revisions"}],"wp:featuredmedia":[{"embeddable":true,"href":"https:\/\/www.radiopresidenteibanez.cl\/web\/wp-json\/wp\/v2\/media\/42774"}],"wp:attachment":[{"href":"https:\/\/www.radiopresidenteibanez.cl\/web\/wp-json\/wp\/v2\/media?parent=42773"}],"wp:term":[{"taxonomy":"category","embeddable":true,"href":"https:\/\/www.radiopresidenteibanez.cl\/web\/wp-json\/wp\/v2\/categories?post=42773"},{"taxonomy":"post_tag","embeddable":true,"href":"https:\/\/www.radiopresidenteibanez.cl\/web\/wp-json\/wp\/v2\/tags?post=42773"}],"curies":[{"name":"wp","href":"https:\/\/api.w.org\/{rel}","templated":true}]}}