{"id":42770,"date":"2023-09-14T12:39:00","date_gmt":"2023-09-14T15:39:00","guid":{"rendered":"https:\/\/www.radiopresidenteibanez.cl\/web\/?p=42770"},"modified":"2023-09-14T09:58:44","modified_gmt":"2023-09-14T12:58:44","slug":"victor-jara-a-50-anos-de-su-asesinato-en-el-ultimo-tren-a-casa","status":"publish","type":"post","link":"https:\/\/www.radiopresidenteibanez.cl\/web\/victor-jara-a-50-anos-de-su-asesinato-en-el-ultimo-tren-a-casa\/","title":{"rendered":"V\u00cdCTOR JARA\u00a0 A\u00a0 50 A\u00d1OS DE SU ASESINATO EN \u00abEL ULTIMO TREN A CASA\u00bb\u00a0"},"content":{"rendered":"\n<p>El programa&nbsp;<em>\u201cEl \u00faltimo tren a casa\u201d<\/em>&nbsp;que produce el&nbsp;<em>Colectivo Aczi\u00f3n Kultural<\/em>&nbsp;y que conduce&nbsp;<em>Pedro Guichapany<\/em>&nbsp;en radio Presidente Ib\u00e1\u00f1ez presenta una edici\u00f3n especial de homenaje al artista chileno&nbsp;<strong>\u201cV\u00edctor Jara\u201d<\/strong>&nbsp;al cumplirse 50 a\u00f1os de su asesinato ocurrido el 16 de septiembre de 1973.<\/p>\n\n\n\n<p>El viernes 15 de septiembre el programa ser\u00e1 transmitido a las 19 hrs., en tanto que el s\u00e1bado 16 de septiembre (cuando se cumplen&nbsp; exactamente 50 a\u00f1os de su muerte) el espacio ir\u00e1 a las 14 hrs. Es una edici\u00f3n extendida de 94 minutos de duraci\u00f3n.<\/p>\n\n\n\n<p>El espacio radial contiene el homenaje de artistas regionales, nacionales e internacionales. Se incluye al artista pl\u00e1stico y poeta&nbsp;<em>Yayo Riquelme<\/em>, la cantante y compositora&nbsp;<em>Ventisquera Austral<\/em>, al kalimbista argentino&nbsp;<em>Piny Levalle<\/em>, adem\u00e1s de&nbsp;<em>Isabel Parra, Patricio Manns, Inti Illimani, Francesca Ancarola, Pedro Aznar, Silvio Rodr\u00edguez, Peter Gabriel, Bruce Springteen&nbsp;<\/em>y el<em>&nbsp;Coro de Ni\u00f1os de la Comuna de Pudahuel&nbsp;<\/em>dirigidos por<em>&nbsp;Pancho Caucam\u00e1n<\/em>. Todo sumado a la voz del propio<em>&nbsp;V\u00edctor Jara<\/em>.<\/p>\n\n\n\n<p>Muerte de V\u00edctor Jara<\/p>\n\n\n\n<p><strong>V\u00edctor Jara<\/strong>&nbsp;acudi\u00f3 normalmente a su trabajo en la Universidad T\u00e9cnica del Estado la ma\u00f1ana del d\u00eda 11 de septiembre de 1973, a sabiendas de la cr\u00edtica situaci\u00f3n que estaba viviendo el pa\u00eds en ese momento. Aquel d\u00eda deb\u00eda cantar en un acto donde, se supon\u00eda, iba a estar el presidente Allende, quien se iba a dirigir al pa\u00eds. Nada de eso ocurri\u00f3. Los militares ingresaron al recinto con gran violencia el d\u00eda 12 y tomaron detenido al artista, junto a decenas de funcionarios y alumnos de la universidad.<\/p>\n\n\n\n<p>Fue conducido al Estadio Chile donde, seg\u00fan numerosos testimonios de prisioneros, fue brutalmente torturado y acribillado. Gracias al aviso de un an\u00f3nimo, su esposa, Joan, pudo ir a la morgue a reconocer, entre decenas de cad\u00e1veres, su cuerpo.&nbsp;<strong>V\u00edctor Jara&nbsp;<\/strong>se transformaba en el testimonio de la brutalidad del golpe de Estado, en un m\u00e1rtir de la causa pol\u00edtica representada en la Unidad Popular, y en el esp\u00edritu que har\u00eda a generaciones identificarse con la cultura popular chilena.<\/p>\n\n\n\n<p>Condenan a asesinos de V\u00edctor Jara<\/p>\n\n\n\n<p>La Corte Suprema de Chile conden\u00f3 el lunes 28 de agosto de 2023 a siete militares en retiro a penas de hasta 25 a\u00f1os de prisi\u00f3n por el secuestro y asesinato del emblem\u00e1tico cantautor V\u00edctor Jara, ocurridos poco despu\u00e9s del golpe de Estado del 11 de septiembre de 1973, en uno de los cr\u00edmenes m\u00e1s simb\u00f3licos que dej\u00f3 la dictadura.<\/p>\n\n\n\n<p>Cuando se cumplen 50 a\u00f1os del sangriento derrocamiento del socialista Salvador Allende, el m\u00e1ximo tribunal conden\u00f3 a siete exoficiales del Ej\u00e9rcito de Chile a penas de entre 8 y 25 a\u00f1os de prisi\u00f3n por el crimen de V\u00edctor Jara, una de las voces m\u00e1s reconocidas de la m\u00fasica de protesta de Am\u00e9rica Latina.<\/p>\n\n\n\n<p><em>\u00abLos hechos rese\u00f1ados (&#8230;) son reales, desde que ocurrieron en determinado lugar y tiempo y est\u00e1n probados, acreditados legalmente a trav\u00e9s de los medios probatorios<\/em>\u00ab, se\u00f1al\u00f3 el alto tribunal en un fallo un\u00e1nime.<\/p>\n\n\n\n<p>Los jueces descartaron as\u00ed los argumentos de la defensa de los acusados contra la sentencia dictada por la Corte de Apelaciones en noviembre de 2021, que condenaba a&nbsp;<em>Ra\u00fal Jofr\u00e9 Gonz\u00e1lez, Edwin Dimter Bianchi, Nelson Haase Mazzei, Ernesto Bethke Wulf, Juan Jara Quintana y Hern\u00e1n Chac\u00f3n Soto<\/em>&nbsp;a penas de 25 a\u00f1os de c\u00e1rcel por el homicidio y secuestro del m\u00fasico y tambi\u00e9n del director del Servicio de Prisiones de la \u00e9poca, Littr\u00e9 Quiroga.&nbsp;&nbsp;<em>Jofr\u00e9, Dimter, Haase, Bethke, Jara<\/em>&nbsp;y deber\u00e1n pagar 15 a\u00f1os por el asesinato de Jara y Littr\u00e9, adem\u00e1s de 10 a\u00f1os por ambos secuestros, seg\u00fan el fallo.<\/p>\n\n\n\n<p>Radio Presidente Ib\u00e1\u00f1ez:<\/p>\n\n\n\n<p>&#8211;&nbsp;&nbsp;&nbsp;&nbsp;&nbsp;&nbsp;88.5 FM Punta Arenas y Porvenir<\/p>\n\n\n\n<p>&#8211;&nbsp;&nbsp;&nbsp;&nbsp;&nbsp;&nbsp;Canal 34 Tv Red Premium<\/p>\n\n\n\n<p>&#8211;&nbsp;&nbsp;&nbsp;&nbsp;&nbsp;&nbsp;Facebook live<a href=\"http:\/\/www.radiopresidenteibanez.cl\/\" rel=\"noreferrer noopener\" target=\"_blank\">www.radiopresidenteibanez.cl<\/a><\/p>\n","protected":false},"excerpt":{"rendered":"<p>El programa&nbsp;\u201cEl \u00faltimo tren a casa\u201d&nbsp;que produce el&nbsp;Colectivo Aczi\u00f3n Kultural&nbsp;y que conduce&nbsp;Pedro Guichapany&nbsp;en radio Presidente Ib\u00e1\u00f1ez presenta una edici\u00f3n especial de homenaje al artista chileno&nbsp;\u201cV\u00edctor Jara\u201d&nbsp;al cumplirse 50 a\u00f1os de&#8230; <a class=\"read-more\" href=\"https:\/\/www.radiopresidenteibanez.cl\/web\/victor-jara-a-50-anos-de-su-asesinato-en-el-ultimo-tren-a-casa\/\">Leer m\u00e1s<\/a><\/p>\n","protected":false},"author":2,"featured_media":42771,"comment_status":"closed","ping_status":"closed","sticky":false,"template":"","format":"standard","meta":{"footnotes":""},"categories":[1],"tags":[],"class_list":["post-42770","post","type-post","status-publish","format-standard","has-post-thumbnail","hentry","category-cronica"],"_links":{"self":[{"href":"https:\/\/www.radiopresidenteibanez.cl\/web\/wp-json\/wp\/v2\/posts\/42770","targetHints":{"allow":["GET"]}}],"collection":[{"href":"https:\/\/www.radiopresidenteibanez.cl\/web\/wp-json\/wp\/v2\/posts"}],"about":[{"href":"https:\/\/www.radiopresidenteibanez.cl\/web\/wp-json\/wp\/v2\/types\/post"}],"author":[{"embeddable":true,"href":"https:\/\/www.radiopresidenteibanez.cl\/web\/wp-json\/wp\/v2\/users\/2"}],"replies":[{"embeddable":true,"href":"https:\/\/www.radiopresidenteibanez.cl\/web\/wp-json\/wp\/v2\/comments?post=42770"}],"version-history":[{"count":0,"href":"https:\/\/www.radiopresidenteibanez.cl\/web\/wp-json\/wp\/v2\/posts\/42770\/revisions"}],"wp:featuredmedia":[{"embeddable":true,"href":"https:\/\/www.radiopresidenteibanez.cl\/web\/wp-json\/wp\/v2\/media\/42771"}],"wp:attachment":[{"href":"https:\/\/www.radiopresidenteibanez.cl\/web\/wp-json\/wp\/v2\/media?parent=42770"}],"wp:term":[{"taxonomy":"category","embeddable":true,"href":"https:\/\/www.radiopresidenteibanez.cl\/web\/wp-json\/wp\/v2\/categories?post=42770"},{"taxonomy":"post_tag","embeddable":true,"href":"https:\/\/www.radiopresidenteibanez.cl\/web\/wp-json\/wp\/v2\/tags?post=42770"}],"curies":[{"name":"wp","href":"https:\/\/api.w.org\/{rel}","templated":true}]}}