{"id":4277,"date":"2019-05-15T16:10:36","date_gmt":"2019-05-15T16:10:36","guid":{"rendered":"http:\/\/www.radiopresidenteibanez.cl\/web\/?p=4277"},"modified":"2019-05-15T16:11:26","modified_gmt":"2019-05-15T16:11:26","slug":"con-bono-invierno-y-termino-de-conflicto-termino-huelga-legal-de-trabajadores-de-areas-verdes","status":"publish","type":"post","link":"https:\/\/www.radiopresidenteibanez.cl\/web\/con-bono-invierno-y-termino-de-conflicto-termino-huelga-legal-de-trabajadores-de-areas-verdes\/","title":{"rendered":"CON BONO INVIERNO Y TERMIN\u00d3 DE CONFLICTO TERMIN\u00d3 HUELGA LEGAL DE TRABAJADORES DE \u00c1REAS VERDES"},"content":{"rendered":"\n<p>El siguiente es el Comunicado Oficial de los trabajadores de Areas Verdes:<\/p>\n\n\n\n<p>\u201cEl sindicato de trabajadores de recolecci\u00f3n informa que durante la tarde de hoy se formaliz\u00f3 la firma del contrato colectivo, llegando a un acuerdo con la empresa y dando por terminada la Huelga Legal de los trabajadores.<\/p>\n\n\n\n<p>Puntos en acuerdo son los siguientes<\/p>\n\n\n\n<p>1- Bono de Invierno por 3 meses al a\u00f1o, mayo, junio y julio<\/p>\n\n\n\n<p>2- Asignaci\u00f3n por reemplazo de auxiliar ausente<\/p>\n\n\n\n<p>3- Renuncia voluntaria con derecho a Indemnizaci\u00f3n<\/p>\n\n\n\n<p>4- Pago de licencia m\u00e9dica en d\u00edas no cubiertos por sistema previsional<\/p>\n\n\n\n<p>5- Bono de t\u00e9rmino de Negociaci\u00f3n 300.000<\/p>\n\n\n\n<p>6- Bono compensatorio por d\u00edas de huelga<\/p>\n\n\n\n<p>Es menester informar que la extensi\u00f3n de Beneficios a trabajadores no sindicalizados se har\u00e1 efectiva, exceptuando Bono de T\u00e9rmino de Negociaci\u00f3n, Bono compensatorio por d\u00edas de huelga y renuncia voluntaria con derecho a indemnizaci\u00f3n.<\/p>\n\n\n\n<p>Esta organizaci\u00f3n agradece el apoyo y comprensi\u00f3n de la comunidad y los medios, adem\u00e1s de las organizaciones y particulares que nos brindaron su ayuda.\u201d<\/p>\n\n\n\n<figure class=\"wp-block-image\"><img loading=\"lazy\" decoding=\"async\" width=\"1024\" height=\"768\" src=\"http:\/\/www.radiopresidenteibanez.cl\/web\/wp-content\/uploads\/2019\/05\/FB_IMG_1557416323954-1024x768.jpg\" alt=\"\" class=\"wp-image-4073\" srcset=\"https:\/\/www.radiopresidenteibanez.cl\/web\/wp-content\/uploads\/2019\/05\/FB_IMG_1557416323954-1024x768.jpg 1024w, https:\/\/www.radiopresidenteibanez.cl\/web\/wp-content\/uploads\/2019\/05\/FB_IMG_1557416323954-300x225.jpg 300w, https:\/\/www.radiopresidenteibanez.cl\/web\/wp-content\/uploads\/2019\/05\/FB_IMG_1557416323954-768x576.jpg 768w, https:\/\/www.radiopresidenteibanez.cl\/web\/wp-content\/uploads\/2019\/05\/FB_IMG_1557416323954.jpg 1280w\" sizes=\"auto, (max-width: 1024px) 100vw, 1024px\" \/><\/figure>\n","protected":false},"excerpt":{"rendered":"<p>El siguiente es el Comunicado Oficial de los trabajadores de Areas Verdes: \u201cEl sindicato de trabajadores de recolecci\u00f3n informa que durante la tarde de hoy se formaliz\u00f3 la firma del&#8230; <a class=\"read-more\" href=\"https:\/\/www.radiopresidenteibanez.cl\/web\/con-bono-invierno-y-termino-de-conflicto-termino-huelga-legal-de-trabajadores-de-areas-verdes\/\">Leer m\u00e1s<\/a><\/p>\n","protected":false},"author":2,"featured_media":4073,"comment_status":"closed","ping_status":"closed","sticky":false,"template":"","format":"standard","meta":{"footnotes":""},"categories":[1],"tags":[],"class_list":["post-4277","post","type-post","status-publish","format-standard","has-post-thumbnail","hentry","category-cronica"],"_links":{"self":[{"href":"https:\/\/www.radiopresidenteibanez.cl\/web\/wp-json\/wp\/v2\/posts\/4277","targetHints":{"allow":["GET"]}}],"collection":[{"href":"https:\/\/www.radiopresidenteibanez.cl\/web\/wp-json\/wp\/v2\/posts"}],"about":[{"href":"https:\/\/www.radiopresidenteibanez.cl\/web\/wp-json\/wp\/v2\/types\/post"}],"author":[{"embeddable":true,"href":"https:\/\/www.radiopresidenteibanez.cl\/web\/wp-json\/wp\/v2\/users\/2"}],"replies":[{"embeddable":true,"href":"https:\/\/www.radiopresidenteibanez.cl\/web\/wp-json\/wp\/v2\/comments?post=4277"}],"version-history":[{"count":0,"href":"https:\/\/www.radiopresidenteibanez.cl\/web\/wp-json\/wp\/v2\/posts\/4277\/revisions"}],"wp:featuredmedia":[{"embeddable":true,"href":"https:\/\/www.radiopresidenteibanez.cl\/web\/wp-json\/wp\/v2\/media\/4073"}],"wp:attachment":[{"href":"https:\/\/www.radiopresidenteibanez.cl\/web\/wp-json\/wp\/v2\/media?parent=4277"}],"wp:term":[{"taxonomy":"category","embeddable":true,"href":"https:\/\/www.radiopresidenteibanez.cl\/web\/wp-json\/wp\/v2\/categories?post=4277"},{"taxonomy":"post_tag","embeddable":true,"href":"https:\/\/www.radiopresidenteibanez.cl\/web\/wp-json\/wp\/v2\/tags?post=4277"}],"curies":[{"name":"wp","href":"https:\/\/api.w.org\/{rel}","templated":true}]}}