{"id":4275,"date":"2019-05-15T16:04:11","date_gmt":"2019-05-15T16:04:11","guid":{"rendered":"http:\/\/www.radiopresidenteibanez.cl\/web\/?p=4275"},"modified":"2019-05-15T16:04:41","modified_gmt":"2019-05-15T16:04:41","slug":"cerca-de-30-carabineros-ingresaron-hasta-las-dependencias-del-liceo-luis-alberto-barrera-para-realizar-desalojo-una-estudiante-detenida","status":"publish","type":"post","link":"https:\/\/www.radiopresidenteibanez.cl\/web\/cerca-de-30-carabineros-ingresaron-hasta-las-dependencias-del-liceo-luis-alberto-barrera-para-realizar-desalojo-una-estudiante-detenida\/","title":{"rendered":"CERCA DE 30 CARABINEROS INGRESARON HASTA LAS DEPENDENCIAS DEL LICEO LUIS ALBERTO BARRERA PARA REALIZAR DESALOJO: UNA ESTUDIANTE DETENIDA"},"content":{"rendered":"\n<p>En horas de esta ma\u00f1ana, estudiantes del establecimiento\neducacional Luis Alberto Barrera, de Punta Arenas, se hab\u00edan tomado las\ndependencias educacionales, en la oportunidad solicitaban poder realizar una\nmesa de trabajo con la finalidad de dar a conocer situaciones que est\u00e1n ocurriendo\nen el lugar.<\/p>\n\n\n\n<p>Lo anterior no tuvo una buena acogida por lo que, pasado el\nmediod\u00eda, cerca de 30 efectivos policiales ingresaron hasta el liceo con la\nfinalidad de desalojar el lugar, en la oportunidad se encontraban presenciando\ndicha situaci\u00f3n apoderados\/as que se encontraban a favor y en contra de la toma,\nas\u00ed tambi\u00e9n de directivos del establecimiento educacional.<\/p>\n\n\n\n<p>A su vez una estudiante fue detenido por Carabineros, as\u00ed tambi\u00e9n se comenta que el desalojo se realiz\u00f3 debido a denuncias que habr\u00edan realizado por destrozos al interior, lo cual fue descartado por las y los estudiantes que se encontraban en las dependencias. <\/p>\n\n\n\n<figure class=\"wp-block-image\"><img loading=\"lazy\" decoding=\"async\" width=\"600\" height=\"449\" src=\"http:\/\/www.radiopresidenteibanez.cl\/web\/wp-content\/uploads\/2019\/05\/descarga.jpg\" alt=\"\" class=\"wp-image-4104\" srcset=\"https:\/\/www.radiopresidenteibanez.cl\/web\/wp-content\/uploads\/2019\/05\/descarga.jpg 600w, https:\/\/www.radiopresidenteibanez.cl\/web\/wp-content\/uploads\/2019\/05\/descarga-300x225.jpg 300w\" sizes=\"auto, (max-width: 600px) 100vw, 600px\" \/><\/figure>\n","protected":false},"excerpt":{"rendered":"<p>En horas de esta ma\u00f1ana, estudiantes del establecimiento educacional Luis Alberto Barrera, de Punta Arenas, se hab\u00edan tomado las dependencias educacionales, en la oportunidad solicitaban poder realizar una mesa de&#8230; <a class=\"read-more\" href=\"https:\/\/www.radiopresidenteibanez.cl\/web\/cerca-de-30-carabineros-ingresaron-hasta-las-dependencias-del-liceo-luis-alberto-barrera-para-realizar-desalojo-una-estudiante-detenida\/\">Leer m\u00e1s<\/a><\/p>\n","protected":false},"author":2,"featured_media":4104,"comment_status":"closed","ping_status":"closed","sticky":false,"template":"","format":"standard","meta":{"footnotes":""},"categories":[1],"tags":[],"class_list":["post-4275","post","type-post","status-publish","format-standard","has-post-thumbnail","hentry","category-cronica"],"_links":{"self":[{"href":"https:\/\/www.radiopresidenteibanez.cl\/web\/wp-json\/wp\/v2\/posts\/4275","targetHints":{"allow":["GET"]}}],"collection":[{"href":"https:\/\/www.radiopresidenteibanez.cl\/web\/wp-json\/wp\/v2\/posts"}],"about":[{"href":"https:\/\/www.radiopresidenteibanez.cl\/web\/wp-json\/wp\/v2\/types\/post"}],"author":[{"embeddable":true,"href":"https:\/\/www.radiopresidenteibanez.cl\/web\/wp-json\/wp\/v2\/users\/2"}],"replies":[{"embeddable":true,"href":"https:\/\/www.radiopresidenteibanez.cl\/web\/wp-json\/wp\/v2\/comments?post=4275"}],"version-history":[{"count":0,"href":"https:\/\/www.radiopresidenteibanez.cl\/web\/wp-json\/wp\/v2\/posts\/4275\/revisions"}],"wp:featuredmedia":[{"embeddable":true,"href":"https:\/\/www.radiopresidenteibanez.cl\/web\/wp-json\/wp\/v2\/media\/4104"}],"wp:attachment":[{"href":"https:\/\/www.radiopresidenteibanez.cl\/web\/wp-json\/wp\/v2\/media?parent=4275"}],"wp:term":[{"taxonomy":"category","embeddable":true,"href":"https:\/\/www.radiopresidenteibanez.cl\/web\/wp-json\/wp\/v2\/categories?post=4275"},{"taxonomy":"post_tag","embeddable":true,"href":"https:\/\/www.radiopresidenteibanez.cl\/web\/wp-json\/wp\/v2\/tags?post=4275"}],"curies":[{"name":"wp","href":"https:\/\/api.w.org\/{rel}","templated":true}]}}