{"id":42746,"date":"2023-09-13T15:33:00","date_gmt":"2023-09-13T18:33:00","guid":{"rendered":"https:\/\/www.radiopresidenteibanez.cl\/web\/?p=42746"},"modified":"2023-09-13T11:21:46","modified_gmt":"2023-09-13T14:21:46","slug":"construccion-de-red-de-gas-del-sector-andino-lleva-un-50-de-avance","status":"publish","type":"post","link":"https:\/\/www.radiopresidenteibanez.cl\/web\/construccion-de-red-de-gas-del-sector-andino-lleva-un-50-de-avance\/","title":{"rendered":"CONSTRUCCION DE RED DE GAS DEL SECTOR ANDINO LLEVA UN 50% DE AVANCE"},"content":{"rendered":"\n<p>Hasta el sector Andino de Punta Arenas lleg\u00f3 el Gobernador Jorge Flies con el<br>equipo de Infraestructura y Transporte del Gobierno Regional para reunirse con<br>los vecinos del sector con el fin de informarles de que las obras de construcci\u00f3n de<br>la red de gas llevan un 50% de avance a nueve meses de haberse iniciado las<br>obras.<br>\u201cEste es un compromiso con la comunidad. Los vecinos hoy tienen su calefacci\u00f3n<br>con le\u00f1a con costos bastante altos y una de las peticiones que no hab\u00edan hecho<br>era extender la red de gas y tras 20 a\u00f1os se realiza un proyecto de esta<br>envergadura\u201d declar\u00f3<br>Por su parte, Sergio Huepe, Gerente de Gasco, coment\u00f3 que \u201cuna vez finalizado<br>este proyecto van a haber redes instalados por lo que cualquier vecino nuevo va a<br>tener factibilidad de gas para su hogar\u201d.<br>Asimismo, Rom\u00e1n Morales, tesorero de la Junta de Vecinos \u201cSenderos del Andino\u201d<br>dijo que \u201cagradecer a las autoridades por este gran logro para nosotros. La<br>empresa est\u00e1 trabajando muy bien y esto es muy hermoso para los vecinos\u201d.<br>Finalmente, Sandra Mu\u00f1oz, Presidenta de la JJ.VV, indic\u00f3 que \u201csuper contenta por<br>esto y esperar que terminen las obras para llegar mejor preparados para el<br>invierno\u201d.<br>Adem\u00e1s, se comunic\u00f3 que hay conversaciones para extender la red de gas cuatro<br>kil\u00f3metros m\u00e1s de lo presupuestado en un principio en una obra que beneficiar\u00e1 a<br>m\u00e1s de cien familias<br>\u201cHemos conversado con Gasco y vamos a proponer una ampliaci\u00f3n de este<br>contrato por m\u00e1s de cuatro mil 700 metros que tendr\u00e1 un impacto gigantesco en<br>los vecinos\u201d se\u00f1al\u00f3 Flies.<br>Recordemos que las obras iniciaron en diciembre del 2022 y tienen un plazo de 24<br>meses para su ejecuci\u00f3n.<\/p>\n","protected":false},"excerpt":{"rendered":"<p>Hasta el sector Andino de Punta Arenas lleg\u00f3 el Gobernador Jorge Flies con elequipo de Infraestructura y Transporte del Gobierno Regional para reunirse conlos vecinos del sector con el fin&#8230; <a class=\"read-more\" href=\"https:\/\/www.radiopresidenteibanez.cl\/web\/construccion-de-red-de-gas-del-sector-andino-lleva-un-50-de-avance\/\">Leer m\u00e1s<\/a><\/p>\n","protected":false},"author":2,"featured_media":42747,"comment_status":"closed","ping_status":"closed","sticky":false,"template":"","format":"standard","meta":{"footnotes":""},"categories":[1],"tags":[],"class_list":["post-42746","post","type-post","status-publish","format-standard","has-post-thumbnail","hentry","category-cronica"],"_links":{"self":[{"href":"https:\/\/www.radiopresidenteibanez.cl\/web\/wp-json\/wp\/v2\/posts\/42746","targetHints":{"allow":["GET"]}}],"collection":[{"href":"https:\/\/www.radiopresidenteibanez.cl\/web\/wp-json\/wp\/v2\/posts"}],"about":[{"href":"https:\/\/www.radiopresidenteibanez.cl\/web\/wp-json\/wp\/v2\/types\/post"}],"author":[{"embeddable":true,"href":"https:\/\/www.radiopresidenteibanez.cl\/web\/wp-json\/wp\/v2\/users\/2"}],"replies":[{"embeddable":true,"href":"https:\/\/www.radiopresidenteibanez.cl\/web\/wp-json\/wp\/v2\/comments?post=42746"}],"version-history":[{"count":0,"href":"https:\/\/www.radiopresidenteibanez.cl\/web\/wp-json\/wp\/v2\/posts\/42746\/revisions"}],"wp:featuredmedia":[{"embeddable":true,"href":"https:\/\/www.radiopresidenteibanez.cl\/web\/wp-json\/wp\/v2\/media\/42747"}],"wp:attachment":[{"href":"https:\/\/www.radiopresidenteibanez.cl\/web\/wp-json\/wp\/v2\/media?parent=42746"}],"wp:term":[{"taxonomy":"category","embeddable":true,"href":"https:\/\/www.radiopresidenteibanez.cl\/web\/wp-json\/wp\/v2\/categories?post=42746"},{"taxonomy":"post_tag","embeddable":true,"href":"https:\/\/www.radiopresidenteibanez.cl\/web\/wp-json\/wp\/v2\/tags?post=42746"}],"curies":[{"name":"wp","href":"https:\/\/api.w.org\/{rel}","templated":true}]}}