{"id":42729,"date":"2023-09-13T10:42:00","date_gmt":"2023-09-13T13:42:00","guid":{"rendered":"https:\/\/www.radiopresidenteibanez.cl\/web\/?p=42729"},"modified":"2023-09-13T08:53:00","modified_gmt":"2023-09-13T11:53:00","slug":"ineduc-extiende-proceso-participativo-por-congreso-pedagogico-y-curricular-hasta-el-30-de-septiembre","status":"publish","type":"post","link":"https:\/\/www.radiopresidenteibanez.cl\/web\/ineduc-extiende-proceso-participativo-por-congreso-pedagogico-y-curricular-hasta-el-30-de-septiembre\/","title":{"rendered":"MINEDUC EXTIENDE PROCESO PARTICIPATIVO POR CONGRESO PEDAGOGICO Y CURRICULAR HASTA EL 30 DE SEPTIEMBRE"},"content":{"rendered":"\n<p>Debido al inter\u00e9s de las comunidades educativas, el Ministerio de Educaci\u00f3n (Mineduc) anunci\u00f3 la extensi\u00f3n hasta el 30 de septiembre del proceso participativo del \u201cCongreso Pedag\u00f3gico y Curricular: La Educaci\u00f3n es el Tema\u201d, in\u00e9dita iniciativa dispuesta para que profesoras y profesores, asistentes de la educaci\u00f3n, apoderados y estudiantes sean parte de la construcci\u00f3n de las futuras pol\u00edticas educativas y que se materializar\u00e1 en la pr\u00f3xima propuesta de actualizaci\u00f3n curricular escolar para los niveles desde 1\u00b0 b\u00e1sico a II medio<em>.<\/em><\/p>\n\n\n\n<p>La instancia, coordinada por la&nbsp;Oficina Regional de Educaci\u00f3n para Am\u00e9rica Latina y el Caribe (OREALC\/UNESCO Santiago), y que responde al Plan de Reactivaci\u00f3n Educativa impulsada por Mineduc, formar\u00e1 parte de la mayor actualizaci\u00f3n curricular de los \u00faltimos ocho a\u00f1os e incidir\u00e1 en los contenidos de aprendizaje de 2,5 millones de escolares.<\/p>\n\n\n\n<p>Desde el comienzo de la etapa participativa en el mes de agosto, tres mil comunidades educativas han organizado jornadas de di\u00e1logo gracias a las cuales se ha contabilizado una participaci\u00f3n superior a las 500 mil personas.<\/p>\n\n\n\n<p>Una vez culminada esta etapa inicial, la informaci\u00f3n recopilada en los encuentros locales ser\u00e1 sistematizada y considerada en la propuesta de actualizaci\u00f3n curricular que el Mineduc presentar\u00e1 al Consejo Nacional de Educaci\u00f3n (CNED), previa etapa de consulta p\u00fablica. Desde la secretar\u00eda de Estado se proyecta que el proceso se extienda hasta 2026.<\/p>\n\n\n\n<p><strong>Participaci\u00f3n<\/strong><\/p>\n\n\n\n<p>Los encuentros participativos son desarrollados de forma voluntaria por las comunidades educativas, y para hacerlo, se debe solicitar el cambio en el calendario escolar a la Seremi de Educaci\u00f3n. Estas instancias est\u00e1n pensadas para abrir el di\u00e1logo al interior de cada establecimiento, con la participaci\u00f3n de estudiantes, docentes, profesionales de apoyo a la educaci\u00f3n, directivas, familias, apoderados y apoderadas. Asimismo, la sociedad civil puede organizar encuentros de manera aut\u00f3noma, mientras que en la web oficial del Congreso Pedag\u00f3gico y Curricular se ofreci\u00f3 una consulta individual para quienes quieran participar en este proceso.<\/p>\n\n\n\n<p>La informaci\u00f3n para ser parte de este proceso participativo est\u00e1 disponible en&nbsp;<a href=\"https:\/\/congresopedagogico.mineduc.cl\/\" target=\"_blank\" rel=\"noreferrer noopener\">https:\/\/congresopedagogico.mineduc.cl\/<\/a>, desde donde se podr\u00e1n descargar las gu\u00edas de apoyo y los formularios de registro de actas que les permitir\u00e1n ingresar las ideas centrales del di\u00e1logo y los acuerdos logrados en cada encuentro.<\/p>\n","protected":false},"excerpt":{"rendered":"<p>Debido al inter\u00e9s de las comunidades educativas, el Ministerio de Educaci\u00f3n (Mineduc) anunci\u00f3 la extensi\u00f3n hasta el 30 de septiembre del proceso participativo del \u201cCongreso Pedag\u00f3gico y Curricular: La Educaci\u00f3n&#8230; <a class=\"read-more\" href=\"https:\/\/www.radiopresidenteibanez.cl\/web\/ineduc-extiende-proceso-participativo-por-congreso-pedagogico-y-curricular-hasta-el-30-de-septiembre\/\">Leer m\u00e1s<\/a><\/p>\n","protected":false},"author":2,"featured_media":42730,"comment_status":"closed","ping_status":"closed","sticky":false,"template":"","format":"standard","meta":{"footnotes":""},"categories":[1],"tags":[],"class_list":["post-42729","post","type-post","status-publish","format-standard","has-post-thumbnail","hentry","category-cronica"],"_links":{"self":[{"href":"https:\/\/www.radiopresidenteibanez.cl\/web\/wp-json\/wp\/v2\/posts\/42729","targetHints":{"allow":["GET"]}}],"collection":[{"href":"https:\/\/www.radiopresidenteibanez.cl\/web\/wp-json\/wp\/v2\/posts"}],"about":[{"href":"https:\/\/www.radiopresidenteibanez.cl\/web\/wp-json\/wp\/v2\/types\/post"}],"author":[{"embeddable":true,"href":"https:\/\/www.radiopresidenteibanez.cl\/web\/wp-json\/wp\/v2\/users\/2"}],"replies":[{"embeddable":true,"href":"https:\/\/www.radiopresidenteibanez.cl\/web\/wp-json\/wp\/v2\/comments?post=42729"}],"version-history":[{"count":0,"href":"https:\/\/www.radiopresidenteibanez.cl\/web\/wp-json\/wp\/v2\/posts\/42729\/revisions"}],"wp:featuredmedia":[{"embeddable":true,"href":"https:\/\/www.radiopresidenteibanez.cl\/web\/wp-json\/wp\/v2\/media\/42730"}],"wp:attachment":[{"href":"https:\/\/www.radiopresidenteibanez.cl\/web\/wp-json\/wp\/v2\/media?parent=42729"}],"wp:term":[{"taxonomy":"category","embeddable":true,"href":"https:\/\/www.radiopresidenteibanez.cl\/web\/wp-json\/wp\/v2\/categories?post=42729"},{"taxonomy":"post_tag","embeddable":true,"href":"https:\/\/www.radiopresidenteibanez.cl\/web\/wp-json\/wp\/v2\/tags?post=42729"}],"curies":[{"name":"wp","href":"https:\/\/api.w.org\/{rel}","templated":true}]}}