{"id":42720,"date":"2023-09-13T08:24:31","date_gmt":"2023-09-13T11:24:31","guid":{"rendered":"https:\/\/www.radiopresidenteibanez.cl\/web\/?p=42720"},"modified":"2023-09-13T08:24:37","modified_gmt":"2023-09-13T11:24:37","slug":"consejero-fueguino-pide-conocer-estado-de-proyectos-de-mejoras-en-la-escuela-bernardo-ohiggins","status":"publish","type":"post","link":"https:\/\/www.radiopresidenteibanez.cl\/web\/consejero-fueguino-pide-conocer-estado-de-proyectos-de-mejoras-en-la-escuela-bernardo-ohiggins\/","title":{"rendered":"CONSEJERO FUEGUINO PIDE CONOCER ESTADO DE PROYECTOS DE MEJORAS EN LA ESCUELA BERNARDO O\u2019HIGGINS"},"content":{"rendered":"\n<p>Durante la \u00faltima sesi\u00f3n del Consejo Regional de Magallanes realizada este martes, el<br>consejero por la Provincia de Tierra del Fuego, Rodolfo C\u00e1rdenas, abord\u00f3 la problem\u00e1tica<br>estructural que mantiene el antiguo edificio que alberga a la Escuela Bernardo O\u2019Higgins<br>de Porvenir, y por intermedio del colegiado, solicit\u00f3 se oficie para conocer el estado de<br>avance de las iniciativas para el mejoramiento estructural del recinto.<br>El representante fueguino solicit\u00f3 que tanto la Secretar\u00eda regional Ministerial de<br>Educaci\u00f3n, la Municipalidad de Porvenir y el recientemente creado Servicio Local de<br>Educaci\u00f3n P\u00fablica (SLEP), aludiendo que \u201ces una responsabilidad de la sociedad de<br>Magallanes la educaci\u00f3n p\u00fablica, y en ese sentido pido que informen el estado de las<br>iniciativas que se difundieron por los medios de comunicaci\u00f3n y de las cuales no se si hay<br>alguna acci\u00f3n dentro del banco de proyectos respecto de la Escuela Bernardo O\u2019Higgins<br>de Porvenir\u201d.<br>Estim\u00f3 el consejero C\u00e1rdenas que el actual edificio a todas luces ya cumpli\u00f3 su vida \u00fatil,<br>situaci\u00f3n el el propio Core ha podido visualizar al realizar distintas visitas al recinto.<br>\u201cSe han planteado mejoramiento, se han planteado proyectos nuevos, pero hasta hoy d\u00eda<br>en el 2023 no tenemos absolutamente nada claro\u201d, subray\u00f3.<br>Cabe recordar que, sin ir m\u00e1s lejos, el Core aprob\u00f3 en junio pasado los fondos para la<br>adquisici\u00f3n de terreno para viviendas, espacio que el alcalde de la comuna visualiz\u00f3 como<br>una posibilidad para un nuevo establecimiento educacional.<br>De igual manera, en marzo de 2022, con el retorno a las clases presenciales tras la<br>pandemia, los medios de comunicaci\u00f3n dieron cuenta del hacinamiento que enfrenta<br>dicha comunidad educativa, informaci\u00f3n que incluso llev\u00f3 a uno de los senadores de la<br>regi\u00f3n a visitar ele establecimiento y compromete el apoyo a futuras iniciativas de<br>mejoras.<\/p>\n","protected":false},"excerpt":{"rendered":"<p>Durante la \u00faltima sesi\u00f3n del Consejo Regional de Magallanes realizada este martes, elconsejero por la Provincia de Tierra del Fuego, Rodolfo C\u00e1rdenas, abord\u00f3 la problem\u00e1ticaestructural que mantiene el antiguo edificio&#8230; <a class=\"read-more\" href=\"https:\/\/www.radiopresidenteibanez.cl\/web\/consejero-fueguino-pide-conocer-estado-de-proyectos-de-mejoras-en-la-escuela-bernardo-ohiggins\/\">Leer m\u00e1s<\/a><\/p>\n","protected":false},"author":2,"featured_media":42721,"comment_status":"closed","ping_status":"closed","sticky":false,"template":"","format":"standard","meta":{"footnotes":""},"categories":[1],"tags":[],"class_list":["post-42720","post","type-post","status-publish","format-standard","has-post-thumbnail","hentry","category-cronica"],"_links":{"self":[{"href":"https:\/\/www.radiopresidenteibanez.cl\/web\/wp-json\/wp\/v2\/posts\/42720","targetHints":{"allow":["GET"]}}],"collection":[{"href":"https:\/\/www.radiopresidenteibanez.cl\/web\/wp-json\/wp\/v2\/posts"}],"about":[{"href":"https:\/\/www.radiopresidenteibanez.cl\/web\/wp-json\/wp\/v2\/types\/post"}],"author":[{"embeddable":true,"href":"https:\/\/www.radiopresidenteibanez.cl\/web\/wp-json\/wp\/v2\/users\/2"}],"replies":[{"embeddable":true,"href":"https:\/\/www.radiopresidenteibanez.cl\/web\/wp-json\/wp\/v2\/comments?post=42720"}],"version-history":[{"count":0,"href":"https:\/\/www.radiopresidenteibanez.cl\/web\/wp-json\/wp\/v2\/posts\/42720\/revisions"}],"wp:featuredmedia":[{"embeddable":true,"href":"https:\/\/www.radiopresidenteibanez.cl\/web\/wp-json\/wp\/v2\/media\/42721"}],"wp:attachment":[{"href":"https:\/\/www.radiopresidenteibanez.cl\/web\/wp-json\/wp\/v2\/media?parent=42720"}],"wp:term":[{"taxonomy":"category","embeddable":true,"href":"https:\/\/www.radiopresidenteibanez.cl\/web\/wp-json\/wp\/v2\/categories?post=42720"},{"taxonomy":"post_tag","embeddable":true,"href":"https:\/\/www.radiopresidenteibanez.cl\/web\/wp-json\/wp\/v2\/tags?post=42720"}],"curies":[{"name":"wp","href":"https:\/\/api.w.org\/{rel}","templated":true}]}}