{"id":42717,"date":"2023-09-12T18:27:00","date_gmt":"2023-09-12T21:27:00","guid":{"rendered":"https:\/\/www.radiopresidenteibanez.cl\/web\/?p=42717"},"modified":"2023-09-12T15:50:41","modified_gmt":"2023-09-12T18:50:41","slug":"programacion-de-cirugias-electivas-en-horario-pm-han-propiciado-la-disminucion-de-listas-de-esperas","status":"publish","type":"post","link":"https:\/\/www.radiopresidenteibanez.cl\/web\/programacion-de-cirugias-electivas-en-horario-pm-han-propiciado-la-disminucion-de-listas-de-esperas\/","title":{"rendered":"PROGRAMACION DE CIRUGIAS ELECTIVAS EN HORARIO PM HAN PROPICIADO LA DISMINUCION DE LISTAS DE ESPERAS"},"content":{"rendered":"\n<p>El Servicio de Pabell\u00f3n Quir\u00fargico del Hospital Dr. Augusto Essmann Burgos de<br>Puerto Natales, actualmente cuenta con tres quir\u00f3fanos completamente<br>equipados y de alta resoluci\u00f3n quir\u00fargica, tanto de manera electiva como de<br>urgencia, destinado a todos los usuarios\/as que lo requieran.<br>Cabe destacar que, hace un tiempo atr\u00e1s, el Servicio de Pabell\u00f3n Quir\u00fargico<br>dispon\u00eda de una jornada diurna AM para cirug\u00edas electivas de ciertas<br>especialidades; tales como: Cirug\u00eda General, Ginecolog\u00eda y Traumatolog\u00eda. Esto,<br>debido a la falta de dotaci\u00f3n de especialistas en dicha \u00e1rea, lo que se ve\u00eda<br>reflejado en una menor producci\u00f3n de cirug\u00edas. Actualmente el panorama es<br>muy diferente, ya que el Servicio de Pabell\u00f3n Quir\u00fargico se ha ido<br>fortaleciendo en cuanto a la dotaci\u00f3n de especialistas con el objetivo de<br>aumentar las intervenciones quir\u00fargicas, lo que ha propiciado el<br>funcionamiento de cirug\u00edas en horario PM y se han otorgado una mayor<br>cantidad de bloques disponibles para llevar a cabo intervenciones que dan una<br>mayor resoluci\u00f3n quir\u00fargica a la comunidad usuaria.<br>Programaci\u00f3n de cirug\u00edas electivas en horario PM<br>Durante el mes de abril del presente a\u00f1o, el Servicio de Pabell\u00f3n Quir\u00fargico<br>comenz\u00f3 a programar de manera gradual cirug\u00edas en horario PM. Esto, debido<br>a la gesti\u00f3n realizada por el recinto hospitalario que permiti\u00f3 la incorporaci\u00f3n<\/p>\n\n\n\n<p>de nuevos especialistas en el \u00e1rea de Traumatolog\u00eda y Cirug\u00eda General, lo cual<br>favoreci\u00f3 la puesta en marcha de pabellones en jornada diurna de manera<br>completa; horario en el cual se ha incrementado la producci\u00f3n quir\u00fargica total<br>en un 15,17%, lo que por consiguiente, ha permitido contribuir en la<br>disminuci\u00f3n de la lista de espera de nuestra regi\u00f3n, llevando a cabo as\u00ed,<br>cirug\u00edas como colecistectom\u00edas laparosc\u00f3picas, hernioplastias, fracturas, t\u00fanel<br>del carpo, liberaci\u00f3n patelar, resecci\u00f3n de quistes, entre otros.<br>Disminuci\u00f3n en tiempos de espera y nuevas estrategias para una mayor<br>producci\u00f3n<br>El contar con la ocupaci\u00f3n de pabellones en la jornada de la tarde es<br>tremendamente beneficioso para la comunidad, ya que los tiempos de espera<br>disminuyen considerablemente conforme a la resolutividad de \u00edndole<br>quir\u00fargico.<br>En ese sentido, la jefa del Servicio de Pabell\u00f3n Quir\u00fargico, Dra. Nelly Argote,<br>reafirm\u00f3 la intenci\u00f3n de buscar nuevas estrategias para continuar<br>incrementando la producci\u00f3n quir\u00fargica, se\u00f1alando que \u201cesperamos poder<br>seguir sumando nuevas estrategias que ayuden y aporten a la comunidad<br>desde el \u00e1rea quir\u00fargica; como lo es el aumento en la dotaci\u00f3n de<br>profesionales y personal que se desempe\u00f1a en el servicio, lo que puede dar<br>pie, incluso, al aumento en la cartera de prestaciones\u201d.<br>Adem\u00e1s, la anestesi\u00f3loga, a\u00f1adi\u00f3 que \u201cesperamos de igual forma poder llevar<br>a cabo rondas quir\u00fargicas de otras especialidades e implementaci\u00f3n de cirug\u00eda<br>mayor ambulatoria, lo cual ser\u00eda en directo beneficio de nuestra comunidad<br>natalina y de la regi\u00f3n de Magallanes\u201d, finaliz\u00f3.<\/p>\n","protected":false},"excerpt":{"rendered":"<p>El Servicio de Pabell\u00f3n Quir\u00fargico del Hospital Dr. Augusto Essmann Burgos dePuerto Natales, actualmente cuenta con tres quir\u00f3fanos completamenteequipados y de alta resoluci\u00f3n quir\u00fargica, tanto de manera electiva como deurgencia,&#8230; <a class=\"read-more\" href=\"https:\/\/www.radiopresidenteibanez.cl\/web\/programacion-de-cirugias-electivas-en-horario-pm-han-propiciado-la-disminucion-de-listas-de-esperas\/\">Leer m\u00e1s<\/a><\/p>\n","protected":false},"author":2,"featured_media":42718,"comment_status":"closed","ping_status":"closed","sticky":false,"template":"","format":"standard","meta":{"footnotes":""},"categories":[1],"tags":[],"class_list":["post-42717","post","type-post","status-publish","format-standard","has-post-thumbnail","hentry","category-cronica"],"_links":{"self":[{"href":"https:\/\/www.radiopresidenteibanez.cl\/web\/wp-json\/wp\/v2\/posts\/42717","targetHints":{"allow":["GET"]}}],"collection":[{"href":"https:\/\/www.radiopresidenteibanez.cl\/web\/wp-json\/wp\/v2\/posts"}],"about":[{"href":"https:\/\/www.radiopresidenteibanez.cl\/web\/wp-json\/wp\/v2\/types\/post"}],"author":[{"embeddable":true,"href":"https:\/\/www.radiopresidenteibanez.cl\/web\/wp-json\/wp\/v2\/users\/2"}],"replies":[{"embeddable":true,"href":"https:\/\/www.radiopresidenteibanez.cl\/web\/wp-json\/wp\/v2\/comments?post=42717"}],"version-history":[{"count":0,"href":"https:\/\/www.radiopresidenteibanez.cl\/web\/wp-json\/wp\/v2\/posts\/42717\/revisions"}],"wp:featuredmedia":[{"embeddable":true,"href":"https:\/\/www.radiopresidenteibanez.cl\/web\/wp-json\/wp\/v2\/media\/42718"}],"wp:attachment":[{"href":"https:\/\/www.radiopresidenteibanez.cl\/web\/wp-json\/wp\/v2\/media?parent=42717"}],"wp:term":[{"taxonomy":"category","embeddable":true,"href":"https:\/\/www.radiopresidenteibanez.cl\/web\/wp-json\/wp\/v2\/categories?post=42717"},{"taxonomy":"post_tag","embeddable":true,"href":"https:\/\/www.radiopresidenteibanez.cl\/web\/wp-json\/wp\/v2\/tags?post=42717"}],"curies":[{"name":"wp","href":"https:\/\/api.w.org\/{rel}","templated":true}]}}