{"id":42702,"date":"2023-09-12T11:39:00","date_gmt":"2023-09-12T14:39:00","guid":{"rendered":"https:\/\/www.radiopresidenteibanez.cl\/web\/?p=42702"},"modified":"2023-09-12T09:34:40","modified_gmt":"2023-09-12T12:34:40","slug":"instalan-placa-en-edificio-de-enap-que-conmemora-a-silvio-betancourt-y-jorge-parra-trabajadores-de-la-empresa-desaparecidos-y-ejecutados-para-el-golpe-de-estado","status":"publish","type":"post","link":"https:\/\/www.radiopresidenteibanez.cl\/web\/instalan-placa-en-edificio-de-enap-que-conmemora-a-silvio-betancourt-y-jorge-parra-trabajadores-de-la-empresa-desaparecidos-y-ejecutados-para-el-golpe-de-estado\/","title":{"rendered":"INSTALAN PLACA EN EDIFICIO DE ENAP QUE CONMEMORA A SILVIO BETANCOURT Y JORGE PARRA TRABAJADORES DE LA EMPRESA DESAPARECIDOS Y EJECUTADOS PARA EL GOLPE DE ESTADO"},"content":{"rendered":"\n<p>Una emotiva ceremonia se llev\u00f3 a cabo al mediod\u00eda de este 11 de septiembre, en el frontis del edificio<br>central de Enap Magallanes, en el marco de la conmemoraci\u00f3n de los 50 a\u00f1os del Golpe de Estado en<br>Chile. En la oportunidad, el Sindicato de Trabajadores de Enap Magallanes apoyados por la gerencia de<br>la empresa, instalaron a un costado en la entrada principal, una placa conmemorativa que recuerda a<br>Silvio Francisco Betancourt Bahamonde, detenido desaparecido en septiembre de 1973 y Jorge Manuel<br>Parra Alarc\u00f3n, ejecutado en octubre de 1974, ambos trabajadores de la empresa en aquella \u00e9poca.<br>En la ceremonia estuvieron presentes autoridades regionales, familiares de Betancourt y Pizarro como<br>tambi\u00e9n el gerente de la empresa y dirigentes de los sindicatos de trabajadores y profesionales Enap.<br>La ceremonia comenz\u00f3 con las palabras del vicepresidente del Sindicato de trabajadores de Enap Carlos<br>Aro, quien llam\u00f3 a la reflexi\u00f3n y a trabajar por una sociedad m\u00e1s justa y unida, \u201cagradezco el apoyo que<br>nos brind\u00f3 la empresa para llevar a cabo este reconocimiento a nuestros compa\u00f1eros, Silvio Francisco<br>Betancourt y Jorge Manuel Parra, ambos trabajadores de la empresa y que injustamente fueron<br>asesinados en tiempo de dictadura a ellos y sus familias es dedicado este reconocimiento\u201d, dijo Aro.<br>Tambi\u00e9n brind\u00f3 unas palabras la presidenta del Sindicato de Trabajadores de Enap, Graciela V\u00e1squez,<br>\u201clo ocurrido hace 50 a\u00f1os atr\u00e1s no debe volver a suceder, pues debemos pensar en c\u00f3mo reparar dichas<br>heridas causadas por un odio profundo y que, pese al tiempo transcurrido, siempre quedar\u00e1n cicatrices<br>que servir\u00e1n para que no perdamos la memoria\u201d, precis\u00f3.<br>Rodrigo Bustamante, gerente de Enap Magallanes, visiblemente emocionado record\u00f3 las funciones de<br>ambos trabajadores, \u201cpacho era ingeniero petroqu\u00edmico y Jorge jefe de taller, ambos vieron truncados<br>no solo sus sue\u00f1os laborales, sino su vida entera, hecho que actualmente a 50 a\u00f1os siguen doliendo<br>como si fuera el primer d\u00eda\u201d.<br>Quien tambi\u00e9n brind\u00f3 unas palabras a los presentes, fue la propia madre de Betancourt, Cecilia<br>Bahamonde, all\u00ed se dirigi\u00f3 a los m\u00e1s j\u00f3venes, pidi\u00e9ndoles que dejen atr\u00e1s el odio, \u201crecuerdo que mi hijo<br>lleg\u00f3 con 16 a\u00f1os y cuando termin\u00f3 de estudiar en la universidad, se recibi\u00f3 de ingeniero petroqu\u00edmico,<br>el estaba feliz, sin embargo le arrebataron sus sue\u00f1os, por eso les pido a los m\u00e1s j\u00f3venes, cuando tengan<br>hijos ens\u00e9\u00f1enles hacer las cosas con armon\u00eda, con cari\u00f1o, porque con amor se hacen muchas cosas.\u201d,<br>sentenci\u00f3.<br>La placa instalada por calle Jos\u00e9 Nogueira, dice lo siguiente. \u201cPorque fortalecer la memoria es cuidar la<br>democracia, en memoria de nuestros trabajadores, y compa\u00f1eros Silvio Francisco Betancourt<br>Bahamonde, detenido desaparecido en septiembre de 1973, Jorge Manuel Parra Alarc\u00f3n, ejecutado en<br>octubre 1974. Conmemoraci\u00f3n de la Empresa Nacional del Petr\u00f3leo y el Sindicato de Trabajadores \/as<br>Enap Magallanes al cumplirse 50 a\u00f1os del Golpe de Estado\u201d.<\/p>\n","protected":false},"excerpt":{"rendered":"<p>Una emotiva ceremonia se llev\u00f3 a cabo al mediod\u00eda de este 11 de septiembre, en el frontis del edificiocentral de Enap Magallanes, en el marco de la conmemoraci\u00f3n de los&#8230; <a class=\"read-more\" href=\"https:\/\/www.radiopresidenteibanez.cl\/web\/instalan-placa-en-edificio-de-enap-que-conmemora-a-silvio-betancourt-y-jorge-parra-trabajadores-de-la-empresa-desaparecidos-y-ejecutados-para-el-golpe-de-estado\/\">Leer m\u00e1s<\/a><\/p>\n","protected":false},"author":2,"featured_media":42703,"comment_status":"closed","ping_status":"closed","sticky":false,"template":"","format":"standard","meta":{"footnotes":""},"categories":[1],"tags":[],"class_list":["post-42702","post","type-post","status-publish","format-standard","has-post-thumbnail","hentry","category-cronica"],"_links":{"self":[{"href":"https:\/\/www.radiopresidenteibanez.cl\/web\/wp-json\/wp\/v2\/posts\/42702","targetHints":{"allow":["GET"]}}],"collection":[{"href":"https:\/\/www.radiopresidenteibanez.cl\/web\/wp-json\/wp\/v2\/posts"}],"about":[{"href":"https:\/\/www.radiopresidenteibanez.cl\/web\/wp-json\/wp\/v2\/types\/post"}],"author":[{"embeddable":true,"href":"https:\/\/www.radiopresidenteibanez.cl\/web\/wp-json\/wp\/v2\/users\/2"}],"replies":[{"embeddable":true,"href":"https:\/\/www.radiopresidenteibanez.cl\/web\/wp-json\/wp\/v2\/comments?post=42702"}],"version-history":[{"count":0,"href":"https:\/\/www.radiopresidenteibanez.cl\/web\/wp-json\/wp\/v2\/posts\/42702\/revisions"}],"wp:featuredmedia":[{"embeddable":true,"href":"https:\/\/www.radiopresidenteibanez.cl\/web\/wp-json\/wp\/v2\/media\/42703"}],"wp:attachment":[{"href":"https:\/\/www.radiopresidenteibanez.cl\/web\/wp-json\/wp\/v2\/media?parent=42702"}],"wp:term":[{"taxonomy":"category","embeddable":true,"href":"https:\/\/www.radiopresidenteibanez.cl\/web\/wp-json\/wp\/v2\/categories?post=42702"},{"taxonomy":"post_tag","embeddable":true,"href":"https:\/\/www.radiopresidenteibanez.cl\/web\/wp-json\/wp\/v2\/tags?post=42702"}],"curies":[{"name":"wp","href":"https:\/\/api.w.org\/{rel}","templated":true}]}}