{"id":427,"date":"2019-01-14T16:23:43","date_gmt":"2019-01-14T16:23:43","guid":{"rendered":"http:\/\/www.radiopresidenteibanez.cl\/web\/?p=427"},"modified":"2019-01-14T16:23:51","modified_gmt":"2019-01-14T16:23:51","slug":"funcionarios-de-enap-iniciaron-movilizaciones-por-masivos-despidos-en-la-empresa","status":"publish","type":"post","link":"https:\/\/www.radiopresidenteibanez.cl\/web\/funcionarios-de-enap-iniciaron-movilizaciones-por-masivos-despidos-en-la-empresa\/","title":{"rendered":"FUNCIONARIOS DE ENAP INICIARON MOVILIZACIONES POR MASIVOS DESPIDOS EN LA EMPRESA"},"content":{"rendered":"\n<p>Como cada d\u00eda,\nfuncionarios de distintas \u00e1reas de Enap Magallanes llegaron a sus puestos de\ntrabajo puntualmente, sin embargo, en rechazo al nulo \u00e1nimo de di\u00e1logo que ha\nasumido la empresa respecto del despido de m\u00e1s de 400 trabajadores, los\nasociados no ingresaron a sus puestos, sino hasta 30 minutos despu\u00e9s, como\nprotesta a la postura ejecutiva.<\/p>\n\n\n\n<p>\u201cComo Sindicato\nde Trabajadores Profesionales Enap Magallanes encontramos impresentable que se\nhaya tomado la decisi\u00f3n de despedir a los trabajadores de nuestra empresa sin\nantes dar a conocer cu\u00e1l ser\u00e1 el plan estrat\u00e9gico a implementarse en Enap en\nlos pr\u00f3ximos a\u00f1os, y cu\u00e1l ser\u00e1 la estructura nacional que permita garantizar el\ncumplimiento de dicho plan\u201d, subray\u00f3 el presidente del STP, Guido Kusanovic.<\/p>\n\n\n\n<p>La s\u00f3lida\nmanifestaci\u00f3n de hoy fue coordinada por ambos sindicatos y sus delegados de\n\u00e1rea, dando cuenta de la unidad que existe entre los trabajadores a fin de\nproteger nuestra fuente laboral, a nuestras familias y el futuro de la Regi\u00f3n\nde Magallanes.<\/p>\n","protected":false},"excerpt":{"rendered":"<p>Como cada d\u00eda, funcionarios de distintas \u00e1reas de Enap Magallanes llegaron a sus puestos de trabajo puntualmente, sin embargo, en rechazo al nulo \u00e1nimo de di\u00e1logo que ha asumido la&#8230; <a class=\"read-more\" href=\"https:\/\/www.radiopresidenteibanez.cl\/web\/funcionarios-de-enap-iniciaron-movilizaciones-por-masivos-despidos-en-la-empresa\/\">Leer m\u00e1s<\/a><\/p>\n","protected":false},"author":2,"featured_media":428,"comment_status":"closed","ping_status":"closed","sticky":false,"template":"","format":"standard","meta":{"footnotes":""},"categories":[1],"tags":[],"class_list":["post-427","post","type-post","status-publish","format-standard","has-post-thumbnail","hentry","category-cronica"],"_links":{"self":[{"href":"https:\/\/www.radiopresidenteibanez.cl\/web\/wp-json\/wp\/v2\/posts\/427","targetHints":{"allow":["GET"]}}],"collection":[{"href":"https:\/\/www.radiopresidenteibanez.cl\/web\/wp-json\/wp\/v2\/posts"}],"about":[{"href":"https:\/\/www.radiopresidenteibanez.cl\/web\/wp-json\/wp\/v2\/types\/post"}],"author":[{"embeddable":true,"href":"https:\/\/www.radiopresidenteibanez.cl\/web\/wp-json\/wp\/v2\/users\/2"}],"replies":[{"embeddable":true,"href":"https:\/\/www.radiopresidenteibanez.cl\/web\/wp-json\/wp\/v2\/comments?post=427"}],"version-history":[{"count":0,"href":"https:\/\/www.radiopresidenteibanez.cl\/web\/wp-json\/wp\/v2\/posts\/427\/revisions"}],"wp:featuredmedia":[{"embeddable":true,"href":"https:\/\/www.radiopresidenteibanez.cl\/web\/wp-json\/wp\/v2\/media\/428"}],"wp:attachment":[{"href":"https:\/\/www.radiopresidenteibanez.cl\/web\/wp-json\/wp\/v2\/media?parent=427"}],"wp:term":[{"taxonomy":"category","embeddable":true,"href":"https:\/\/www.radiopresidenteibanez.cl\/web\/wp-json\/wp\/v2\/categories?post=427"},{"taxonomy":"post_tag","embeddable":true,"href":"https:\/\/www.radiopresidenteibanez.cl\/web\/wp-json\/wp\/v2\/tags?post=427"}],"curies":[{"name":"wp","href":"https:\/\/api.w.org\/{rel}","templated":true}]}}