{"id":42693,"date":"2023-09-12T08:36:19","date_gmt":"2023-09-12T11:36:19","guid":{"rendered":"https:\/\/www.radiopresidenteibanez.cl\/web\/?p=42693"},"modified":"2023-09-12T08:36:25","modified_gmt":"2023-09-12T11:36:25","slug":"gobierno-conmemoro-los-50-anos-del-golpe-de-estado-en-magallanes","status":"publish","type":"post","link":"https:\/\/www.radiopresidenteibanez.cl\/web\/gobierno-conmemoro-los-50-anos-del-golpe-de-estado-en-magallanes\/","title":{"rendered":"GOBIERNO CONMEMORO LOS 50 A\u00d1OS DEL GOLPE DE ESTADO EN MAGALLANES"},"content":{"rendered":"\n<p>Esta fue una jornada conmovedora para<br>el Delegado Presidencial Regional y su Gabinete que comenz\u00f3 muy temprano,<br>cuando en un acto simb\u00f3lico, el Delegado y cada una de las autoridades de<br>gobierno comenzaron a llegar a la Delegaci\u00f3n Presidencial, \u201cCasa de los<br>Intendentes\u201d, tal cual lo hiciera hace cinco d\u00e9cadas el Presidente Salvador Allende<br>Gossens, quien a la misma hora y al enterarse del golpe a la democracia, se<br>dirigi\u00f3 a La Moneda para defender la democracia.<br>A las 9 de la ma\u00f1ana, un aplauso largo estremeci\u00f3 la casona que alberga a la<br>Delegaci\u00f3n, un aplauso que no quer\u00eda terminar. De esa manera el Delegado<br>Presidencial junto al Gabinete Regional ubicados en la escalera que da al segundo<br>piso, recib\u00edan a los sobrevivientes de la represi\u00f3n. Abrazos silenciosos y algunas<br>l\u00e1grimas que no pudieron ser contenidas, precedieron a la reuni\u00f3n desayuno.<br>Manuel Rodr\u00edguez, soci\u00f3logo, ex prisionero de Isla Dawson, manifest\u00f3 \u201cHoy la<br>bandera de la Patria est\u00e1 de luto, por quienes nos antecedieron y nos<br>acompa\u00f1aron para que Chile sea una naci\u00f3n m\u00e1s libre, m\u00e1s justa y m\u00e1s<br>democr\u00e1tica. Hoy, escribiremos en nuestras conciencias que los derechos<br>humanos son un valor superior que nos vuelve m\u00e1s dignos y nos hace m\u00e1s<br>humanos\u201d.<br>Al respecto el Delegado Presidencial indic\u00f3 que \u201cNuestro compromiso con<br>respecto a los derechos humanos, como gobierno, es irrestricto y va a estar hasta<br>el \u00faltimo d\u00eda\u201d, e invit\u00f3 a la reflexi\u00f3n, \u201cLa reflexi\u00f3n a las familias, a toda la<br>comunidad de Magallanes, a cuidar la democracia, a nunca darla por ganada, para<br>que efectivamente sea un hecho y no solamente palabras el \u201cNunca m\u00e1s\u201d en<br>Chile\u201d.<br>Luego, a las 11:00 de la ma\u00f1ana, en la Plaza de Armas de la ciudad, se realiz\u00f3 el<br>acto central en el que particip\u00f3 el Delegado Presidencial, junto al Gobernador<br>Jorge Flies, el rector de la Universidad de Magallanes, Jos\u00e9 Maripani, otras<br>autoridades regionales y los sobrevivientes de la prisi\u00f3n pol\u00edtica. En la instancia se<br>reconoci\u00f3 la deuda hist\u00f3rica con las v\u00edctimas de la dictadura, con los<br>desaparecidos y, en ese sentido, se relev\u00f3 el Plan Nacional de B\u00fasqueda que<\/p>\n\n\n\n<p>present\u00f3 el Presidente Gabriel Boric para abordar la tarea del encuentro con la<br>verdad y la justicia.<br>El Delegado Presidencial Regional, Jos\u00e9 Ruiz Pivcevic, expres\u00f3 que \u201ca 50 a\u00f1os<br>del quiebre dram\u00e1tico de la democracia en nuestro pa\u00eds y las violaciones a los<br>derechos humanos que comienzan en el instante mismo en el que se bombardea<br>el palacio de La Moneda, quisimos como Gobierno aqu\u00ed en la regi\u00f3n, rendir un<br>homenaje a las y los sobrevivientes de la dictadura civil-militar y es que los<br>invitamos a la Casa de los Intendentes, lugar del ejecutivo en la regi\u00f3n, en<br>representaci\u00f3n del estado. El Estado que hace cincuenta a\u00f1os les despoj\u00f3 sus<br>derechos, buena parte tambi\u00e9n de su vida, a algunos compa\u00f1eros y compa\u00f1eras<br>les quit\u00f3 familiares, y por lo mismo quisimos hacer ese peque\u00f1o acto de<br>reparaci\u00f3n\u201d.<br>Durante la ceremonia se hizo hincapi\u00e9 en la importancia de preservar la memoria<br>para construir el futuro, robustecer y defender la democracia y la importancia de<br>enfrentar con di\u00e1logo las diferencias entre las personas, promoviendo una cultura<br>de respeto por los derechos humanos, abogando por un Estado que genere las<br>condiciones para que, ese que es un derecho, sea siempre ejercido.<br>Al referirse nuevamente al Plan Nacional de B\u00fasqueda de detenidos<br>desaparecidos impulsado por el Gobierno y record\u00f3 el caso del joven ingeniero<br>Silvio Francisco Bettancourt Bahamonde, desaparecido en septiembre de 1973 en<br>Punta Arenas. Con la mirada puesta en la madre de Bettancourt, Cecilia<br>Bahamonde, la autoridad regional asegur\u00f3 que \u201clo seguiremos buscando\u201d.<\/p>\n","protected":false},"excerpt":{"rendered":"<p>Esta fue una jornada conmovedora parael Delegado Presidencial Regional y su Gabinete que comenz\u00f3 muy temprano,cuando en un acto simb\u00f3lico, el Delegado y cada una de las autoridades degobierno comenzaron&#8230; <a class=\"read-more\" href=\"https:\/\/www.radiopresidenteibanez.cl\/web\/gobierno-conmemoro-los-50-anos-del-golpe-de-estado-en-magallanes\/\">Leer m\u00e1s<\/a><\/p>\n","protected":false},"author":2,"featured_media":42694,"comment_status":"closed","ping_status":"closed","sticky":false,"template":"","format":"standard","meta":{"footnotes":""},"categories":[1],"tags":[],"class_list":["post-42693","post","type-post","status-publish","format-standard","has-post-thumbnail","hentry","category-cronica"],"_links":{"self":[{"href":"https:\/\/www.radiopresidenteibanez.cl\/web\/wp-json\/wp\/v2\/posts\/42693","targetHints":{"allow":["GET"]}}],"collection":[{"href":"https:\/\/www.radiopresidenteibanez.cl\/web\/wp-json\/wp\/v2\/posts"}],"about":[{"href":"https:\/\/www.radiopresidenteibanez.cl\/web\/wp-json\/wp\/v2\/types\/post"}],"author":[{"embeddable":true,"href":"https:\/\/www.radiopresidenteibanez.cl\/web\/wp-json\/wp\/v2\/users\/2"}],"replies":[{"embeddable":true,"href":"https:\/\/www.radiopresidenteibanez.cl\/web\/wp-json\/wp\/v2\/comments?post=42693"}],"version-history":[{"count":0,"href":"https:\/\/www.radiopresidenteibanez.cl\/web\/wp-json\/wp\/v2\/posts\/42693\/revisions"}],"wp:featuredmedia":[{"embeddable":true,"href":"https:\/\/www.radiopresidenteibanez.cl\/web\/wp-json\/wp\/v2\/media\/42694"}],"wp:attachment":[{"href":"https:\/\/www.radiopresidenteibanez.cl\/web\/wp-json\/wp\/v2\/media?parent=42693"}],"wp:term":[{"taxonomy":"category","embeddable":true,"href":"https:\/\/www.radiopresidenteibanez.cl\/web\/wp-json\/wp\/v2\/categories?post=42693"},{"taxonomy":"post_tag","embeddable":true,"href":"https:\/\/www.radiopresidenteibanez.cl\/web\/wp-json\/wp\/v2\/tags?post=42693"}],"curies":[{"name":"wp","href":"https:\/\/api.w.org\/{rel}","templated":true}]}}