{"id":42663,"date":"2023-09-11T08:20:41","date_gmt":"2023-09-11T11:20:41","guid":{"rendered":"https:\/\/www.radiopresidenteibanez.cl\/web\/?p=42663"},"modified":"2023-09-11T08:20:48","modified_gmt":"2023-09-11T11:20:48","slug":"emotivo-encuentro-de-trabajadores-y-trabajadoras-de-la-educacion-se-desarrollo-en-la-secreduc-por-los-50-anos-del-golpe-de-estado","status":"publish","type":"post","link":"https:\/\/www.radiopresidenteibanez.cl\/web\/emotivo-encuentro-de-trabajadores-y-trabajadoras-de-la-educacion-se-desarrollo-en-la-secreduc-por-los-50-anos-del-golpe-de-estado\/","title":{"rendered":"EMOTIVO ENCUENTRO DE TRABAJADORES Y TRABAJADORAS DE LA EDUCACI\u00d3N SE DESARROLLO EN LA SECREDUC POR LOS 50 A\u00d1OS DEL GOLPE DE ESTADO"},"content":{"rendered":"\n<p>El pasado jueves, se realiz\u00f3 en el Sal\u00f3n Gabriela Mistral de la Secretar\u00eda Regional Ministerial de Educaci\u00f3n el encuentro denominado \u00abPedagog\u00eda de la Memoria: Trabajadores y Trabajadoras de la Educaci\u00f3n, a 50 a\u00f1os del Golpe C\u00edvico Militar\u00bb, con el apoyo del Colegio de Profesores y las organizaciones de Derechos Humanos, buscando relevar el valor de la democracia e impulsar medidas de promoci\u00f3n de los derechos humanos.<\/p>\n\n\n\n<p>Asistieron a la actividad el seremi de Educaci\u00f3n, Valent\u00edn Aguilera G\u00f3mez; el seremi de gobierno, Andro Mimica Guerrero; la seremi de la Mujer y Equidad de G\u00e9nero, Alejandra Ruiz Ovando; el seremi de Deportes, Alejandro Olate Levet; la jefa regional de la Subsecretar\u00eda de Desarrollo Regional y Administrativo (Subdere), Daniela Panicucci Herrera; la vicerrectora acad\u00e9mica de la Universidad de Magallanes, Anah\u00ed C\u00e1rcamo \u00c1guila; la Multigremial de Trabajadores y Trabajadoras de la Educaci\u00f3n y representantes de las agrupaciones de DD.HH.<\/p>\n\n\n\n<p>Durante el encuentro, recordaron al Sindicato \u00danico de Trabajadores de la Educaci\u00f3n (SUTE), que naci\u00f3 en julio de 1970, reuniendo a todos los sindicatos y asociaciones gremiales del profesorado y personal paradocente de la educaci\u00f3n, y que en su primer Congreso Nacional en 1971, gener\u00f3 el hist\u00f3rico Proyecto de Ley de la Escuela Nacional Unificada (ENU, que qued\u00f3 trunco tras el Golpe de Estado.<\/p>\n\n\n\n<p>Uno de los momentos emotivos de la jornada fue cuando el Colegio de Profesores le entreg\u00f3 al seremi de Educaci\u00f3n un cuadro con la imagen del profesor asesinado en octubre de 1973 en Tierra del Fuego, Carlos Baigorri Hern\u00e1ndez, para que sea instalado en la oficina p\u00fablica.<\/p>\n\n\n\n<p>Cabe destacar que la actividad cont\u00f3 con la presencia de representantes de Porvenir y Puerto Natales. Se proyectaron saludos en video, como el de la profesora exiliada Mirna Donoso Garc\u00eda de Suiza, y tambi\u00e9n unas palabras del maestro rural jubilado Jorge Soto Co\u00f1u\u00e9, que por motivos de salud no pudo desplazarse desde la Provincia de \u00daltima Esperanza.<\/p>\n\n\n\n<p>El seremi de Educaci\u00f3n, Valent\u00edn Aguilera G\u00f3mez, se\u00f1al\u00f3 que \u201cha sido un honor para nosotros y nosotras, tener en este sal\u00f3n de la Secreduc, que lleva el nombre de la maestra y Premio Nobel de Literatura, Gabriela Mistral, a representantes de una generaci\u00f3n de hombres y mujeres que han dedicado toda una vida a la ense\u00f1anza. Personas que so\u00f1aron con una educaci\u00f3n para todos y todas sin distinci\u00f3n. Y que en muchos casos, debieron pagar un alto precio por este anhelo de justicia e igualdad de oportunidades, sufriendo cr\u00edmenes, prisi\u00f3n pol\u00edtica, torturas, persecuciones, relegaci\u00f3n y exilio\u201d.<\/p>\n\n\n\n<p>Uno de los oradores fue el docente jubilado Julio Pedrol Kusanovic, que en 1973 trabajaba en la Escuela Juan Williams, y que un jueves, a finales de septiembre, fue sacado \u201centre varios infantes de marina\u201d del establecimiento educacional, frente a estudiantes y compa\u00f1eros de trabajo. \u201cLa dictadura fr\u00eda e inhumana fue atacando a todos aquellos que pens\u00e1bamos diferente, especialmente a los profesores, y por qu\u00e9 a los profesores, porque trabajamos siempre con la inteligencia\u201d.<\/p>\n\n\n\n<p>Por su parte, Ana Marlen Guerra Encina, representante de la Agrupaci\u00f3n Hijos, Hijas, Nietos y Nietas por la Memoria, indic\u00f3: \u201cMe conmovi\u00f3 escuchar los testimonios de antiguos docentes y fue maravilloso a la vez, empatizar y compatibilizar con sus mensajes. A la vez, agradezco el espacio para aprender de los m\u00e1s antiguos y empaparse de su ejemplo\u201d.<\/p>\n\n\n\n<p>En el encuentro \u00abPedagog\u00eda de la Memoria: Trabajadores y Trabajadoras de la Educaci\u00f3n, a 50 a\u00f1os del Golpe C\u00edvico Militar\u00bb, se present\u00f3 un grupo de m\u00fasica compuesto por estudiantes de la Escuela 18 de Septiembre, dirigido por el profesor Gerson Oviedo, que interpretaron dos temas regionales. Al cierre, su par del Liceo Luis Alberto Barrera, Fernando Alarc\u00f3n, cant\u00f3 \u201cArriba en la Cordillera\u201d de Patricio Manns, y el hist\u00f3rico \u201cTamo Daleko\u201d.\u201cAviso de Confidencialidad: Este correo electr\u00f3nico y\/o el material adjunto es para uso exclusivo del emisor y la persona o entidad a la que expresamente se le ha enviado, y puede contener informaci\u00f3n confidencial o material privilegiado. Si usted no es el destinatario leg\u00edtimo del mismo, por favor rep\u00f3rtelo inmediatamente al remitente del correo y b\u00f3rrelo. Cualquier revisi\u00f3n, retransmisi\u00f3n, difusi\u00f3n o cualquier otro uso de este correo, por personas o entidades distintas a las del destinatario leg\u00edtimo, queda expresamente prohibido. Este correo electr\u00f3nico no pretende ni debe ser considerado como constitutivo de ninguna relaci\u00f3n legal, contractual o de otra \u00edndole similar. El Ministerio no asume ninguna responsabilidad por los da\u00f1os y perjuicios resultantes o que tengan conexi\u00f3n con el empleo indebido de esta informaci\u00f3n; su mal uso ser\u00e1 sancionado de conformidad a lo establecido en la normativa legal vigente al efecto, en particular, de conformidad a lo establecido en las pol\u00edticas de seguridad de la informaci\u00f3n actualmente vigentes y a la aplicaci\u00f3n de la Ley N\u00ba 19.628, sobre protecci\u00f3n de la vida privada<\/p>\n","protected":false},"excerpt":{"rendered":"<p>El pasado jueves, se realiz\u00f3 en el Sal\u00f3n Gabriela Mistral de la Secretar\u00eda Regional Ministerial de Educaci\u00f3n el encuentro denominado \u00abPedagog\u00eda de la Memoria: Trabajadores y Trabajadoras de la Educaci\u00f3n,&#8230; <a class=\"read-more\" href=\"https:\/\/www.radiopresidenteibanez.cl\/web\/emotivo-encuentro-de-trabajadores-y-trabajadoras-de-la-educacion-se-desarrollo-en-la-secreduc-por-los-50-anos-del-golpe-de-estado\/\">Leer m\u00e1s<\/a><\/p>\n","protected":false},"author":2,"featured_media":42664,"comment_status":"closed","ping_status":"closed","sticky":false,"template":"","format":"standard","meta":{"footnotes":""},"categories":[1],"tags":[],"class_list":["post-42663","post","type-post","status-publish","format-standard","has-post-thumbnail","hentry","category-cronica"],"_links":{"self":[{"href":"https:\/\/www.radiopresidenteibanez.cl\/web\/wp-json\/wp\/v2\/posts\/42663","targetHints":{"allow":["GET"]}}],"collection":[{"href":"https:\/\/www.radiopresidenteibanez.cl\/web\/wp-json\/wp\/v2\/posts"}],"about":[{"href":"https:\/\/www.radiopresidenteibanez.cl\/web\/wp-json\/wp\/v2\/types\/post"}],"author":[{"embeddable":true,"href":"https:\/\/www.radiopresidenteibanez.cl\/web\/wp-json\/wp\/v2\/users\/2"}],"replies":[{"embeddable":true,"href":"https:\/\/www.radiopresidenteibanez.cl\/web\/wp-json\/wp\/v2\/comments?post=42663"}],"version-history":[{"count":0,"href":"https:\/\/www.radiopresidenteibanez.cl\/web\/wp-json\/wp\/v2\/posts\/42663\/revisions"}],"wp:featuredmedia":[{"embeddable":true,"href":"https:\/\/www.radiopresidenteibanez.cl\/web\/wp-json\/wp\/v2\/media\/42664"}],"wp:attachment":[{"href":"https:\/\/www.radiopresidenteibanez.cl\/web\/wp-json\/wp\/v2\/media?parent=42663"}],"wp:term":[{"taxonomy":"category","embeddable":true,"href":"https:\/\/www.radiopresidenteibanez.cl\/web\/wp-json\/wp\/v2\/categories?post=42663"},{"taxonomy":"post_tag","embeddable":true,"href":"https:\/\/www.radiopresidenteibanez.cl\/web\/wp-json\/wp\/v2\/tags?post=42663"}],"curies":[{"name":"wp","href":"https:\/\/api.w.org\/{rel}","templated":true}]}}