{"id":42657,"date":"2023-09-10T13:11:37","date_gmt":"2023-09-10T16:11:37","guid":{"rendered":"https:\/\/www.radiopresidenteibanez.cl\/web\/?p=42657"},"modified":"2023-09-10T13:11:49","modified_gmt":"2023-09-10T16:11:49","slug":"consejero-rodolfo-cardenas-por-politica-permanente-de-desarrollo-de-zonas-extremas-veo-acciones-a-largo-plazo-y-desarrollo-especialmente-para-tierra-del-fuego","status":"publish","type":"post","link":"https:\/\/www.radiopresidenteibanez.cl\/web\/consejero-rodolfo-cardenas-por-politica-permanente-de-desarrollo-de-zonas-extremas-veo-acciones-a-largo-plazo-y-desarrollo-especialmente-para-tierra-del-fuego\/","title":{"rendered":"Consejero Rodolfo C\u00e1rdenas por pol\u00edtica permanente de desarrollo de Zonas Extremas \u00abveo acciones a largo plazo y desarrollo, especialmente para Tierra del Fuego\u00bb"},"content":{"rendered":"\n<p>Un positiva mirada dio el consejero regional por la Provincia de Tierra del Fuego, Rodolfo C\u00e1rdenas, respecto del anunci\u00f3 cumplido por el Presidente Gabriel Boric, y que fue dado a conocer por el Gobernador Regional, Jorge Flies, respecto de la Pol\u00edtica Nacional de Zonas en Desarrollo, o tambi\u00e9n denominado PEDZE 2.0.<\/p>\n\n\n\n<p>Haciendo algo de historia, en 2014 durante el mandato de la ex Presidenta, Michelle Bachelet, se impulsaron los Planes Especiales de&nbsp; Desarrollo de Zonas Extremas (PEDZE), pol\u00edtica que entregaba facultades a los gobiernos regionales para promover iniciativas de inter\u00e9s p\u00fablico y desarrollo regional, alternativa muy valorada y aprovechada en Magallanes, pero con limitantes temporales, y que perd\u00edan continuidad con los cambios democr\u00e1ticos de gobernantes.<\/p>\n\n\n\n<p>Ahora, para el consejero C\u00e1rdenas, \u201cesta pol\u00edtica nacional de zonas en desarrollo va a permitir que los Gobiernos Regionales puedan actualizar sus carteras de inversiones en acciones largo plazo de desarrollo y, por tanto, mejorar la calidad de vida de las personas que vivimos en la regi\u00f3n de Magallanes, y con especial atenci\u00f3n en territorios como el nuestro, como la isla de Tierra del Fuego\u201d, destac\u00f3 el representante fueguino.<\/p>\n\n\n\n<p>Para el tambi\u00e9n presidente regional del Partido Radical, el nuevo panorama, desde esta nueva perspectiva pol\u00edtica, da respaldo a materias infraestructura para Magallanes, innovaci\u00f3n, y para el desarrollo de las capacidades humanas en la zona, promoviendo la articulaci\u00f3n p\u00fablico privada.<\/p>\n\n\n\n<p>Subray\u00f3 finalmente C\u00e1rdenas que ahora se abre la posibilidad de proyectar iniciativas a largo plazo, que permitan incluso sacar adelante obras de \u201clargo aliento\u201d, que muchas veces quedaban en el olvido, y que hoy podr\u00e1n ser abordadas desde una mirada regional y no solo como un proyecto del \u201cgobierno de turno\u201d.<\/p>\n","protected":false},"excerpt":{"rendered":"<p>Un positiva mirada dio el consejero regional por la Provincia de Tierra del Fuego, Rodolfo C\u00e1rdenas, respecto del anunci\u00f3 cumplido por el Presidente Gabriel Boric, y que fue dado a&#8230; <a class=\"read-more\" href=\"https:\/\/www.radiopresidenteibanez.cl\/web\/consejero-rodolfo-cardenas-por-politica-permanente-de-desarrollo-de-zonas-extremas-veo-acciones-a-largo-plazo-y-desarrollo-especialmente-para-tierra-del-fuego\/\">Leer m\u00e1s<\/a><\/p>\n","protected":false},"author":2,"featured_media":42658,"comment_status":"closed","ping_status":"closed","sticky":false,"template":"","format":"standard","meta":{"footnotes":""},"categories":[1],"tags":[],"class_list":["post-42657","post","type-post","status-publish","format-standard","has-post-thumbnail","hentry","category-cronica"],"_links":{"self":[{"href":"https:\/\/www.radiopresidenteibanez.cl\/web\/wp-json\/wp\/v2\/posts\/42657","targetHints":{"allow":["GET"]}}],"collection":[{"href":"https:\/\/www.radiopresidenteibanez.cl\/web\/wp-json\/wp\/v2\/posts"}],"about":[{"href":"https:\/\/www.radiopresidenteibanez.cl\/web\/wp-json\/wp\/v2\/types\/post"}],"author":[{"embeddable":true,"href":"https:\/\/www.radiopresidenteibanez.cl\/web\/wp-json\/wp\/v2\/users\/2"}],"replies":[{"embeddable":true,"href":"https:\/\/www.radiopresidenteibanez.cl\/web\/wp-json\/wp\/v2\/comments?post=42657"}],"version-history":[{"count":0,"href":"https:\/\/www.radiopresidenteibanez.cl\/web\/wp-json\/wp\/v2\/posts\/42657\/revisions"}],"wp:featuredmedia":[{"embeddable":true,"href":"https:\/\/www.radiopresidenteibanez.cl\/web\/wp-json\/wp\/v2\/media\/42658"}],"wp:attachment":[{"href":"https:\/\/www.radiopresidenteibanez.cl\/web\/wp-json\/wp\/v2\/media?parent=42657"}],"wp:term":[{"taxonomy":"category","embeddable":true,"href":"https:\/\/www.radiopresidenteibanez.cl\/web\/wp-json\/wp\/v2\/categories?post=42657"},{"taxonomy":"post_tag","embeddable":true,"href":"https:\/\/www.radiopresidenteibanez.cl\/web\/wp-json\/wp\/v2\/tags?post=42657"}],"curies":[{"name":"wp","href":"https:\/\/api.w.org\/{rel}","templated":true}]}}