{"id":42625,"date":"2023-09-08T12:37:00","date_gmt":"2023-09-08T15:37:00","guid":{"rendered":"https:\/\/www.radiopresidenteibanez.cl\/web\/?p=42625"},"modified":"2023-09-08T15:40:18","modified_gmt":"2023-09-08T18:40:18","slug":"potenciando-el-destino-ultima-esperanza-gremios-del-comercio-y-turismo-se-reunen-con-fedetur","status":"publish","type":"post","link":"https:\/\/www.radiopresidenteibanez.cl\/web\/potenciando-el-destino-ultima-esperanza-gremios-del-comercio-y-turismo-se-reunen-con-fedetur\/","title":{"rendered":"POTENCIANDO EL DESTINO \u00daLTIMA ESPERANZA: GREMIOS DEL COMERCIO Y TURISMO SE RE\u00daNEN CON FEDETUR"},"content":{"rendered":"\n<p>Con el objetivo de potenciar el destino tur\u00edstico<br>de \u00daltima Esperanza, abordar las principales problem\u00e1ticas del sector y buscar apoyos<br>transversales a nivel nacional, los gremios de comercio y turismo de la provincia se<br>reunieron con la directiva de la Federaci\u00f3n de Empresas de Turismo de Chile (FEDETUR).<br>La reuni\u00f3n, que se realiz\u00f3 en el Hotel Simple Patagonia, se convirti\u00f3 en un catalizador para<br>fortalecer las redes y la colaboraci\u00f3n entre diversas asociaciones gremiales de turismo en<br>la regi\u00f3n.<br>En la actividad participaron la presidenta ejecutiva de FEDETUR, Helen Kouyoumdjian,; el<br>presidente del directorio de la C\u00e1mara de Turismo de Coyhaique, Jaime Guazzini; el<br>directorio de FEDETUR y representantes de gremios locales, como la C\u00e1mara de Turismo<br>de \u00daltima Esperanza A.G, HYST, Mujeres Patagonas, Asociaci\u00f3n Gremial Pueblo Artesanal<br>Etherh Aiken, COTA, y la Asociaci\u00f3n Gremial Gu\u00edas de Turismo locales.<br>\u201cEn Puerto Natales, tuvo lugar una importante reuni\u00f3n de la Federaci\u00f3n con gremios<br>locales. Juntos, exploramos la visi\u00f3n de los gremios sobre el futuro del turismo en la<br>provincia de \u00daltima Esperanza, comprometidos y responsables con la realidad actual,<br>identificaron desaf\u00edos y expresaron su entusiasmo por encontrar soluciones, lo que<br>promete ser fundamental para el desarrollo sostenible de la provincia en el sector<br>tur\u00edstico\u201d, coment\u00f3 el coordinador territorial de la Federaci\u00f3n de Empresas Tur\u00edsticas de<br>Chile, FEDETUR, Felipe Bravo.<br>Sara Adema Yusta, gerente de HYST, destac\u00f3 la importancia de estas instancias, afirmando<br>que \u00abes fundamental el poder contar con este tipo de instancias que conllevan a realizar<br>gestiones con distintos actores que permiten poder canalizar en conjunto, iniciativas o<br>plantear problem\u00e1ticas no resueltas y as\u00ed obtener apoyos necesarios para subsanarlos.<br>Adem\u00e1s, se pueden afianzar lazos y fomentar el trabajo en conjunto tanto con gremios<br>regionales como nacionales\u201d.<br>Para la presidenta del Pueblo Artesanal Etherh Aike, Ana Mar\u00eda D\u00edaz, \u201cfue una muy buena<br>jornada de trabajo la que vivimos con el directorio de FEDETUR. Le contamos nuestra<br>inquietudes y nuestras problem\u00e1ticas . Lo bueno de estas reuniones es que pudimos saber<br>que dentro del directorio hay gente de distintos gremios de turismo de todo nuestro pa\u00eds<br>con experiencias distintas\u201d, puntualiz\u00f3.<br>En tanto, el representante de la C\u00e1mara de Operadores Tur\u00edsticos y Agencias Torres del<br>Paine, COTA, Carlos Oyarz\u00fan, destac\u00f3 fomentar el trabajo gremial es importante para<br>proyectar el futuro en beneficio del sector turismo. Junto con anterior, valorar la<\/p>\n\n\n\n<p>educaci\u00f3n media y superior en turismo para formar talento local es prioritario para<br>desarrollo del turismo regional.<br>Finalmente , la gerente de la C\u00e1mara de Turismo de \u00daltima Esperanza, Adriana Aguilar<br>Lagos, se\u00f1al\u00f3 que \u201cestos encuentros son relevantes porque se pueden generar las<br>sinergias necesarias para impulsar desaf\u00edos que requieren de los apoyos de autoridades<br>nacionales y porque descentraliza la visi\u00f3n sobre las dificultades y proyecciones que<br>tienen los destinos tur\u00edsticos regionales\u201d.<\/p>\n","protected":false},"excerpt":{"rendered":"<p>Con el objetivo de potenciar el destino tur\u00edsticode \u00daltima Esperanza, abordar las principales problem\u00e1ticas del sector y buscar apoyostransversales a nivel nacional, los gremios de comercio y turismo de la&#8230; <a class=\"read-more\" href=\"https:\/\/www.radiopresidenteibanez.cl\/web\/potenciando-el-destino-ultima-esperanza-gremios-del-comercio-y-turismo-se-reunen-con-fedetur\/\">Leer m\u00e1s<\/a><\/p>\n","protected":false},"author":2,"featured_media":42626,"comment_status":"closed","ping_status":"closed","sticky":false,"template":"","format":"standard","meta":{"footnotes":""},"categories":[1],"tags":[],"class_list":["post-42625","post","type-post","status-publish","format-standard","has-post-thumbnail","hentry","category-cronica"],"_links":{"self":[{"href":"https:\/\/www.radiopresidenteibanez.cl\/web\/wp-json\/wp\/v2\/posts\/42625","targetHints":{"allow":["GET"]}}],"collection":[{"href":"https:\/\/www.radiopresidenteibanez.cl\/web\/wp-json\/wp\/v2\/posts"}],"about":[{"href":"https:\/\/www.radiopresidenteibanez.cl\/web\/wp-json\/wp\/v2\/types\/post"}],"author":[{"embeddable":true,"href":"https:\/\/www.radiopresidenteibanez.cl\/web\/wp-json\/wp\/v2\/users\/2"}],"replies":[{"embeddable":true,"href":"https:\/\/www.radiopresidenteibanez.cl\/web\/wp-json\/wp\/v2\/comments?post=42625"}],"version-history":[{"count":0,"href":"https:\/\/www.radiopresidenteibanez.cl\/web\/wp-json\/wp\/v2\/posts\/42625\/revisions"}],"wp:featuredmedia":[{"embeddable":true,"href":"https:\/\/www.radiopresidenteibanez.cl\/web\/wp-json\/wp\/v2\/media\/42626"}],"wp:attachment":[{"href":"https:\/\/www.radiopresidenteibanez.cl\/web\/wp-json\/wp\/v2\/media?parent=42625"}],"wp:term":[{"taxonomy":"category","embeddable":true,"href":"https:\/\/www.radiopresidenteibanez.cl\/web\/wp-json\/wp\/v2\/categories?post=42625"},{"taxonomy":"post_tag","embeddable":true,"href":"https:\/\/www.radiopresidenteibanez.cl\/web\/wp-json\/wp\/v2\/tags?post=42625"}],"curies":[{"name":"wp","href":"https:\/\/api.w.org\/{rel}","templated":true}]}}