{"id":42604,"date":"2023-09-07T15:24:26","date_gmt":"2023-09-07T18:24:26","guid":{"rendered":"https:\/\/www.radiopresidenteibanez.cl\/web\/?p=42604"},"modified":"2023-09-07T15:24:32","modified_gmt":"2023-09-07T18:24:32","slug":"hospital-dr-augusto-essmann-burgos-da-la-bienvenida-a-medica-cirujana-especialista-en-cirugia-general-que-reforzara-servicio-de-urgencias-y-pabellon-quirurgico","status":"publish","type":"post","link":"https:\/\/www.radiopresidenteibanez.cl\/web\/hospital-dr-augusto-essmann-burgos-da-la-bienvenida-a-medica-cirujana-especialista-en-cirugia-general-que-reforzara-servicio-de-urgencias-y-pabellon-quirurgico\/","title":{"rendered":"Hospital Dr. Augusto Essmann Burgos da la bienvenida a m\u00e9dica cirujana especialista en cirug\u00eda general que reforzar\u00e1 Servicio de Urgencias y Pabell\u00f3n Quir\u00fargico"},"content":{"rendered":"\n<p>Con la finalidad de reforzar y abastecer las prestaciones de salud del recinto<br>hospitalario natalino, durante el presente mes se incorpor\u00f3 la Dra. Angela<br>Fonseca, m\u00e9dica cirujana especialista en cirug\u00eda general, quien se adjudic\u00f3 el<br>cargo mediante el llamado a selecci\u00f3n de antecedentes externo en 28 hrs.<br>La facultativa ya se encuentra en plena ejecuci\u00f3n de sus funciones desde el 01<br>de septiembre del presente, y desempe\u00f1ar\u00e1 labores en el Servicio de<br>Urgencias y Pabell\u00f3n Quir\u00fargico; lo cual da cuenta del trabajo mancomunado y<br>el reforzamiento de la red asistencial en pleno beneficio de la comunidad<br>natalina.<\/p>\n","protected":false},"excerpt":{"rendered":"<p>Con la finalidad de reforzar y abastecer las prestaciones de salud del recintohospitalario natalino, durante el presente mes se incorpor\u00f3 la Dra. AngelaFonseca, m\u00e9dica cirujana especialista en cirug\u00eda general, quien&#8230; <a class=\"read-more\" href=\"https:\/\/www.radiopresidenteibanez.cl\/web\/hospital-dr-augusto-essmann-burgos-da-la-bienvenida-a-medica-cirujana-especialista-en-cirugia-general-que-reforzara-servicio-de-urgencias-y-pabellon-quirurgico\/\">Leer m\u00e1s<\/a><\/p>\n","protected":false},"author":2,"featured_media":42605,"comment_status":"closed","ping_status":"closed","sticky":false,"template":"","format":"standard","meta":{"footnotes":""},"categories":[1],"tags":[],"class_list":["post-42604","post","type-post","status-publish","format-standard","has-post-thumbnail","hentry","category-cronica"],"_links":{"self":[{"href":"https:\/\/www.radiopresidenteibanez.cl\/web\/wp-json\/wp\/v2\/posts\/42604","targetHints":{"allow":["GET"]}}],"collection":[{"href":"https:\/\/www.radiopresidenteibanez.cl\/web\/wp-json\/wp\/v2\/posts"}],"about":[{"href":"https:\/\/www.radiopresidenteibanez.cl\/web\/wp-json\/wp\/v2\/types\/post"}],"author":[{"embeddable":true,"href":"https:\/\/www.radiopresidenteibanez.cl\/web\/wp-json\/wp\/v2\/users\/2"}],"replies":[{"embeddable":true,"href":"https:\/\/www.radiopresidenteibanez.cl\/web\/wp-json\/wp\/v2\/comments?post=42604"}],"version-history":[{"count":0,"href":"https:\/\/www.radiopresidenteibanez.cl\/web\/wp-json\/wp\/v2\/posts\/42604\/revisions"}],"wp:featuredmedia":[{"embeddable":true,"href":"https:\/\/www.radiopresidenteibanez.cl\/web\/wp-json\/wp\/v2\/media\/42605"}],"wp:attachment":[{"href":"https:\/\/www.radiopresidenteibanez.cl\/web\/wp-json\/wp\/v2\/media?parent=42604"}],"wp:term":[{"taxonomy":"category","embeddable":true,"href":"https:\/\/www.radiopresidenteibanez.cl\/web\/wp-json\/wp\/v2\/categories?post=42604"},{"taxonomy":"post_tag","embeddable":true,"href":"https:\/\/www.radiopresidenteibanez.cl\/web\/wp-json\/wp\/v2\/tags?post=42604"}],"curies":[{"name":"wp","href":"https:\/\/api.w.org\/{rel}","templated":true}]}}