{"id":42601,"date":"2023-09-06T18:19:00","date_gmt":"2023-09-06T21:19:00","guid":{"rendered":"https:\/\/www.radiopresidenteibanez.cl\/web\/?p=42601"},"modified":"2023-09-08T15:42:37","modified_gmt":"2023-09-08T18:42:37","slug":"mas-de-19-mil-pensionadas-y-pensionados-recibiran-el-aguinaldo-de-fiestas-patrias","status":"publish","type":"post","link":"https:\/\/www.radiopresidenteibanez.cl\/web\/mas-de-19-mil-pensionadas-y-pensionados-recibiran-el-aguinaldo-de-fiestas-patrias\/","title":{"rendered":"MAS DE 19 MIL PENSIONADAS Y PENSIONADOS RECIBIR\u00c1N EL AGUINALDO DE FIESTAS PATRIAS"},"content":{"rendered":"\n<p>M\u00e1s de 19 mil personas en Magallanes -pensionadas y<br>pensionados de la regi\u00f3n- han comenzado a recibir el Aguinaldo de Fiestas Patrias desde el reci\u00e9n<br>pasado 1 de septiembre.<br>As\u00ed lo dieron a conocer el d\u00eda de hoy, las autoridades laborales de la zona en dependencias del<br>Instituto de Previsi\u00f3n Social (IPS) de Magallanes, servicio encargado del pago de este aporte<br>monetario tradicional en esta \u00e9poca.<br>En palabras de la SEREMI del Trabajo y Previsi\u00f3n Social, Doris Sandoval Miranda, \u201ca partir del 1 de<br>septiembre, 19.757 pensionadas y pensionados de nuestra regi\u00f3n de Magallanes han comenzado<br>a recibir su tradicional aguinaldo de Fiestas Patrias, con un monto de $23.261 mil, a los que se les<br>considera, adem\u00e1s, por cada carga familiar correspondiente un monto adicional de $11.933.<br>Estamos muy contentas y contentos como gobierno de acompa\u00f1ar a los pensionados y<br>pensionadas con este aporte y contribuir con un granito de arena a que tengan un 18 de<br>septiembre con mayor alegr\u00eda y bienestar familiar\u201d.<br>El pago del Aguinaldo que corresponde a los beneficiarios del IPS es autom\u00e1tico y no se debe<br>realizar ning\u00fan tr\u00e1mite para recibirlo. Se incluye en la liquidaci\u00f3n del mes de septiembre y el pago<br>se realiza con anterioridad a las fiestas, a fin de que todas las personas cuenten con su beneficio<br>durante los d\u00edas previos al 18 de septiembre, seg\u00fan inform\u00f3 el director (s) del IPS Magallanes, Jos\u00e9<br>P\u00e9rez N\u00fa\u00f1ez.<br>\u201cDe manera extraordinaria durante este mes la pensi\u00f3n se adelanta, para que, tanto la pensi\u00f3n<br>como el aguinaldo est\u00e9n disponibles antes de las fiestas patrias. La forma de pago es la tradicional,<br>ya todos la conocen y no se debe hacer tr\u00e1mite. Los beneficiarios de este aguinaldo son todos los<br>pensionados y pensionadas del IPS; los pensionados de Dipreca y Capredena; del ISL, de las<br>mutuales por accidentes del trabajo y; adem\u00e1s, tambi\u00e9n reciben este aguinaldo los pensionados y<br>pensionadas del sistema de AFP que est\u00e9n recibiendo la PGU, el Aporte Previsional Solidario, o<br>bien, una pensi\u00f3n con garant\u00eda estatal\u201d, explic\u00f3 el director.<br>Es importante se\u00f1alar que cada persona tiene derecho a un solo aguinaldo, aunque sea<br>beneficiario de dos o m\u00e1s pensiones, o beneficios, sean \u00e9stos pagados por el IPS o por otras<br>instituciones de seguridad social.<br>A nivel pa\u00eds, se estima que el Estado pagar\u00e1 el Aguinaldo de Fiestas Patrias a 2 millones 865 mil<br>100 pensionados y pensionadas, lo que significar\u00e1 un gasto fiscal por m\u00e1s de 67 mil millones de<\/p>\n\n\n\n<p>pesos, monto que incluye los incrementos que se pagan junto al aguinaldo por concepto de cargas<br>familiares.<\/p>\n","protected":false},"excerpt":{"rendered":"<p>M\u00e1s de 19 mil personas en Magallanes -pensionadas ypensionados de la regi\u00f3n- han comenzado a recibir el Aguinaldo de Fiestas Patrias desde el reci\u00e9npasado 1 de septiembre.As\u00ed lo dieron a&#8230; <a class=\"read-more\" href=\"https:\/\/www.radiopresidenteibanez.cl\/web\/mas-de-19-mil-pensionadas-y-pensionados-recibiran-el-aguinaldo-de-fiestas-patrias\/\">Leer m\u00e1s<\/a><\/p>\n","protected":false},"author":2,"featured_media":42602,"comment_status":"closed","ping_status":"closed","sticky":false,"template":"","format":"standard","meta":{"footnotes":""},"categories":[1],"tags":[],"class_list":["post-42601","post","type-post","status-publish","format-standard","has-post-thumbnail","hentry","category-cronica"],"_links":{"self":[{"href":"https:\/\/www.radiopresidenteibanez.cl\/web\/wp-json\/wp\/v2\/posts\/42601","targetHints":{"allow":["GET"]}}],"collection":[{"href":"https:\/\/www.radiopresidenteibanez.cl\/web\/wp-json\/wp\/v2\/posts"}],"about":[{"href":"https:\/\/www.radiopresidenteibanez.cl\/web\/wp-json\/wp\/v2\/types\/post"}],"author":[{"embeddable":true,"href":"https:\/\/www.radiopresidenteibanez.cl\/web\/wp-json\/wp\/v2\/users\/2"}],"replies":[{"embeddable":true,"href":"https:\/\/www.radiopresidenteibanez.cl\/web\/wp-json\/wp\/v2\/comments?post=42601"}],"version-history":[{"count":0,"href":"https:\/\/www.radiopresidenteibanez.cl\/web\/wp-json\/wp\/v2\/posts\/42601\/revisions"}],"wp:featuredmedia":[{"embeddable":true,"href":"https:\/\/www.radiopresidenteibanez.cl\/web\/wp-json\/wp\/v2\/media\/42602"}],"wp:attachment":[{"href":"https:\/\/www.radiopresidenteibanez.cl\/web\/wp-json\/wp\/v2\/media?parent=42601"}],"wp:term":[{"taxonomy":"category","embeddable":true,"href":"https:\/\/www.radiopresidenteibanez.cl\/web\/wp-json\/wp\/v2\/categories?post=42601"},{"taxonomy":"post_tag","embeddable":true,"href":"https:\/\/www.radiopresidenteibanez.cl\/web\/wp-json\/wp\/v2\/tags?post=42601"}],"curies":[{"name":"wp","href":"https:\/\/api.w.org\/{rel}","templated":true}]}}