{"id":42577,"date":"2023-09-06T08:17:00","date_gmt":"2023-09-06T11:17:00","guid":{"rendered":"https:\/\/www.radiopresidenteibanez.cl\/web\/?p=42577"},"modified":"2023-09-08T15:45:11","modified_gmt":"2023-09-08T18:45:11","slug":"consejo-regional-aprobo-recursos-para-diseno-del-alcantarillado-en-pampa-redonda-bajo","status":"publish","type":"post","link":"https:\/\/www.radiopresidenteibanez.cl\/web\/consejo-regional-aprobo-recursos-para-diseno-del-alcantarillado-en-pampa-redonda-bajo\/","title":{"rendered":"CONSEJO REGIONAL APROB\u00d3 RECURSOS PARA DISE\u00d1O DEL ALCANTARILLADO EN PAMPA REDONDA BAJO"},"content":{"rendered":"\n<p>En una nueva sesi\u00f3n del Consejo Regional de Magallanes y de la Ant\u00e1rtica Chilena, se aprob\u00f3 por unanimidad los recursos por m\u00e1s de 282 millones de pesos para el dise\u00f1o del proyecto \u201cConstrucci\u00f3n Sistema de alcantarillado Sector Pampa Redonda Bajo, Punta Arenas\u201d.<\/p>\n\n\n\n<p>\u201cUno de los compromisos que asumimos como Gobierno Regional fue poder avanzar con el alcantarillado de Pampa Redonda y hoy luego de un proceso legal bastante intenso de identificaci\u00f3n y limitantes de infraestructura podemos dar la buena noticia lo que ser\u00e1 el dise\u00f1o y soluci\u00f3n del alcantarillado de este sector\u201d destac\u00f3 el Presidente del CORE, Jorge Flies.<\/p>\n\n\n\n<p>La Primera Autoridad Regional, adem\u00e1s, agreg\u00f3 que \u201ctambi\u00e9n estamos trabajando en soluciones para Primavera y Villa O\u2019Higgins en San Gregorio que son parte de los trabajos y b\u00fasqueda de soluciones en servicios b\u00e1sicos\u201d.<\/p>\n\n\n\n<p>La pr\u00f3xima sesi\u00f3n del Consejo Regional se realizar\u00e1 el martes 12 de septiembre en la comuna de Punta Arenas.<\/p>\n","protected":false},"excerpt":{"rendered":"<p>En una nueva sesi\u00f3n del Consejo Regional de Magallanes y de la Ant\u00e1rtica Chilena, se aprob\u00f3 por unanimidad los recursos por m\u00e1s de 282 millones de pesos para el dise\u00f1o&#8230; <a class=\"read-more\" href=\"https:\/\/www.radiopresidenteibanez.cl\/web\/consejo-regional-aprobo-recursos-para-diseno-del-alcantarillado-en-pampa-redonda-bajo\/\">Leer m\u00e1s<\/a><\/p>\n","protected":false},"author":2,"featured_media":42578,"comment_status":"closed","ping_status":"closed","sticky":false,"template":"","format":"standard","meta":{"footnotes":""},"categories":[1],"tags":[],"class_list":["post-42577","post","type-post","status-publish","format-standard","has-post-thumbnail","hentry","category-cronica"],"_links":{"self":[{"href":"https:\/\/www.radiopresidenteibanez.cl\/web\/wp-json\/wp\/v2\/posts\/42577","targetHints":{"allow":["GET"]}}],"collection":[{"href":"https:\/\/www.radiopresidenteibanez.cl\/web\/wp-json\/wp\/v2\/posts"}],"about":[{"href":"https:\/\/www.radiopresidenteibanez.cl\/web\/wp-json\/wp\/v2\/types\/post"}],"author":[{"embeddable":true,"href":"https:\/\/www.radiopresidenteibanez.cl\/web\/wp-json\/wp\/v2\/users\/2"}],"replies":[{"embeddable":true,"href":"https:\/\/www.radiopresidenteibanez.cl\/web\/wp-json\/wp\/v2\/comments?post=42577"}],"version-history":[{"count":0,"href":"https:\/\/www.radiopresidenteibanez.cl\/web\/wp-json\/wp\/v2\/posts\/42577\/revisions"}],"wp:featuredmedia":[{"embeddable":true,"href":"https:\/\/www.radiopresidenteibanez.cl\/web\/wp-json\/wp\/v2\/media\/42578"}],"wp:attachment":[{"href":"https:\/\/www.radiopresidenteibanez.cl\/web\/wp-json\/wp\/v2\/media?parent=42577"}],"wp:term":[{"taxonomy":"category","embeddable":true,"href":"https:\/\/www.radiopresidenteibanez.cl\/web\/wp-json\/wp\/v2\/categories?post=42577"},{"taxonomy":"post_tag","embeddable":true,"href":"https:\/\/www.radiopresidenteibanez.cl\/web\/wp-json\/wp\/v2\/tags?post=42577"}],"curies":[{"name":"wp","href":"https:\/\/api.w.org\/{rel}","templated":true}]}}