{"id":4257,"date":"2019-05-15T15:16:10","date_gmt":"2019-05-15T15:16:10","guid":{"rendered":"http:\/\/www.radiopresidenteibanez.cl\/web\/?p=4257"},"modified":"2019-05-15T15:16:54","modified_gmt":"2019-05-15T15:16:54","slug":"este-miercoles-se-presenta-en-zona-austral-exposicion-mirada-de-guardaparque-60-anos-del-parque-nacional-torres-del-paine","status":"publish","type":"post","link":"https:\/\/www.radiopresidenteibanez.cl\/web\/este-miercoles-se-presenta-en-zona-austral-exposicion-mirada-de-guardaparque-60-anos-del-parque-nacional-torres-del-paine\/","title":{"rendered":"ESTE MI\u00c9RCOLES SE PRESENTA EN ZONA AUSTRAL EXPOSICI\u00d3N \u201cMIRADA DE GUARDAPARQUE, 60 A\u00d1OS DEL PARQUE NACIONAL TORRES DEL PAINE\u201d"},"content":{"rendered":"\n<p>Este mi\u00e9rcoles 15 de mayo se expone en el hall central de la Zona Austral (Zona Franca Punta Arenas), la exposici\u00f3n fotogr\u00e1fica llamada \u201cMirada de guardaparque, 60 a\u00f1os del parque Nacional Torres del Paine\u201d en el marco de las diversas actividades programadas por Conaf para celebrar las seis d\u00e9cadas de una de las \u00e1reas silvestres protegidas m\u00e1s emblem\u00e1ticas de Chile.<\/p>\n\n\n\n<p>Desde las 11,00 hrs. en adelante ser\u00e1n 40 fotograf\u00edas las que desde&nbsp; una panor\u00e1mica en altura conformar\u00e1n un n\u00famero 60 para aludir al aniversario del Parque Nacional Torres del Paine y que permanecer\u00e1n durante todo el d\u00eda en la galer\u00eda m\u00e1s recorrida del centro comercial en el sector norte de Punta Arenas.<\/p>\n\n\n\n<p>Las fotograf\u00edas corresponden a una selecci\u00f3n realizada desde el \u00e1rea de conservaci\u00f3n de Conaf en base a registros captados por personal guardaparques de manera autodidacta y que permite apreciar de forma privilegiada una mirada cercana de la\u00a0 flora, fauna y paisajes que conforman el Parque Nacional Torres del Paine creado el 13 de mayo de 1959.<\/p>\n\n\n\n<figure class=\"wp-block-image\"><img loading=\"lazy\" decoding=\"async\" width=\"1024\" height=\"1024\" src=\"https:\/\/www.radiopresidenteibanez.cl\/web\/wp-content\/uploads\/2019\/05\/Publi-03-1024x1024.jpg\" alt=\"\" class=\"wp-image-4258\" srcset=\"https:\/\/www.radiopresidenteibanez.cl\/web\/wp-content\/uploads\/2019\/05\/Publi-03-1024x1024.jpg 1024w, https:\/\/www.radiopresidenteibanez.cl\/web\/wp-content\/uploads\/2019\/05\/Publi-03-150x150.jpg 150w, https:\/\/www.radiopresidenteibanez.cl\/web\/wp-content\/uploads\/2019\/05\/Publi-03-300x300.jpg 300w, https:\/\/www.radiopresidenteibanez.cl\/web\/wp-content\/uploads\/2019\/05\/Publi-03-768x768.jpg 768w, https:\/\/www.radiopresidenteibanez.cl\/web\/wp-content\/uploads\/2019\/05\/Publi-03.jpg 1200w\" sizes=\"auto, (max-width: 1024px) 100vw, 1024px\" \/><\/figure>\n","protected":false},"excerpt":{"rendered":"<p>Este mi\u00e9rcoles 15 de mayo se expone en el hall central de la Zona Austral (Zona Franca Punta Arenas), la exposici\u00f3n fotogr\u00e1fica llamada \u201cMirada de guardaparque, 60 a\u00f1os del parque&#8230; <a class=\"read-more\" href=\"https:\/\/www.radiopresidenteibanez.cl\/web\/este-miercoles-se-presenta-en-zona-austral-exposicion-mirada-de-guardaparque-60-anos-del-parque-nacional-torres-del-paine\/\">Leer m\u00e1s<\/a><\/p>\n","protected":false},"author":2,"featured_media":4258,"comment_status":"closed","ping_status":"closed","sticky":false,"template":"","format":"standard","meta":{"footnotes":""},"categories":[1],"tags":[],"class_list":["post-4257","post","type-post","status-publish","format-standard","has-post-thumbnail","hentry","category-cronica"],"_links":{"self":[{"href":"https:\/\/www.radiopresidenteibanez.cl\/web\/wp-json\/wp\/v2\/posts\/4257","targetHints":{"allow":["GET"]}}],"collection":[{"href":"https:\/\/www.radiopresidenteibanez.cl\/web\/wp-json\/wp\/v2\/posts"}],"about":[{"href":"https:\/\/www.radiopresidenteibanez.cl\/web\/wp-json\/wp\/v2\/types\/post"}],"author":[{"embeddable":true,"href":"https:\/\/www.radiopresidenteibanez.cl\/web\/wp-json\/wp\/v2\/users\/2"}],"replies":[{"embeddable":true,"href":"https:\/\/www.radiopresidenteibanez.cl\/web\/wp-json\/wp\/v2\/comments?post=4257"}],"version-history":[{"count":0,"href":"https:\/\/www.radiopresidenteibanez.cl\/web\/wp-json\/wp\/v2\/posts\/4257\/revisions"}],"wp:featuredmedia":[{"embeddable":true,"href":"https:\/\/www.radiopresidenteibanez.cl\/web\/wp-json\/wp\/v2\/media\/4258"}],"wp:attachment":[{"href":"https:\/\/www.radiopresidenteibanez.cl\/web\/wp-json\/wp\/v2\/media?parent=4257"}],"wp:term":[{"taxonomy":"category","embeddable":true,"href":"https:\/\/www.radiopresidenteibanez.cl\/web\/wp-json\/wp\/v2\/categories?post=4257"},{"taxonomy":"post_tag","embeddable":true,"href":"https:\/\/www.radiopresidenteibanez.cl\/web\/wp-json\/wp\/v2\/tags?post=4257"}],"curies":[{"name":"wp","href":"https:\/\/api.w.org\/{rel}","templated":true}]}}