{"id":42567,"date":"2023-09-05T16:53:00","date_gmt":"2023-09-05T19:53:00","guid":{"rendered":"https:\/\/www.radiopresidenteibanez.cl\/web\/?p=42567"},"modified":"2023-09-08T15:47:05","modified_gmt":"2023-09-08T18:47:05","slug":"conversatorio-abordara-la-importancia-de-la-memoria-como-patrimonio-cultural-y-cientifico","status":"publish","type":"post","link":"https:\/\/www.radiopresidenteibanez.cl\/web\/conversatorio-abordara-la-importancia-de-la-memoria-como-patrimonio-cultural-y-cientifico\/","title":{"rendered":"CONVERSATORIO ABORDAR\u00c1 LA IMPORTANCIA DE LA MEMORIA COMO PATRIMONIO CULTURAL Y CIENT\u00cdFICO"},"content":{"rendered":"\n<p>Organizado por la Seremi de Ciencia, Tecnolog\u00eda, Conocimiento e Innovaci\u00f3n (CTCI) y la Asociaci\u00f3n Cultural Nuestra Madre Grande, el conversatorio tiene como objetivo analizar desde distintas \u00e1reas del conocimiento los sucesos del Golpe c\u00edvico-militar de 1973 en Chile, principalmente lo ocurrido en Isla Dawson, sus implicancias y la importancia de rescatar la memoria viva de quienes fueron v\u00edctimas de derechos humanos en ese lugar, convirti\u00e9ndola as\u00ed en un patrimonio cultural y cient\u00edfico.<\/p>\n\n\n\n<p>La actividad contar\u00e1 con la participaci\u00f3n de Camila Mancilla, arquitecta y mag\u00edster en Patrimonio Cultura, quien entregar\u00e1 el contexto para las conversaciones posteriores con la charla \u201cArquitectura del Silencio\u201d, y presentar\u00e1 el cortometraje \u201cEl Silencio de Isla Dawson\u201d, que busca informar al p\u00fablico sobre el patrimonio existente en la zona, como el cementerio Selk\u2019nam, la capilla San Rafael y los campos de concentraci\u00f3n Compingim y R\u00edo Chico.<\/p>\n\n\n\n<p>El conversatorio se dividir\u00e1 en tres bloques: el primero a cargo del soci\u00f3logo y cientista pol\u00edtico, Manuel Rodr\u00edguez, con el tema \u201cMemoria, Ciencia y Patrimonio, 50 A\u00f1os Despu\u00e9s, Una Perspectiva Interdisciplinaria\u201d donde, desde sus vivencias, abordar\u00e1 la importancia de preservar y resignificar el pasado, poniendo la reflexi\u00f3n en las lecciones para el futuro.<\/p>\n\n\n\n<p>En el segundo bloque el periodista y mag\u00edster en Ciencias Sociales, menci\u00f3n Patrimonio, Cristi\u00e1n Morales, expondr\u00e1 sobre \u201cEl silencio de las inocentes a partir de sus testimonios sobre violaci\u00f3n de los derechos humanos en Magallanes, 1973-1974\u201d, con la finalidad de visibilizar a las mujeres-ni\u00f1as que sufrieron la represi\u00f3n pol\u00edtica-institucional sistem\u00e1tica en la regi\u00f3n.<\/p>\n\n\n\n<p>Por \u00faltimo, Blas Flores, asistente social y encargado regional del \u00e1rea de Pueblos Originarios del Servicio Nacional del Patrimonio Cultural, hablar\u00e1 de \u201cPatrimonializaci\u00f3n de la Memoria de los Pueblos Ind\u00edgenas en la Regi\u00f3n de Magallanes y de la Ant\u00e1rtica Chilena\u201d. En su exposici\u00f3n tomar\u00e1 algunos hechos, uno por pueblo, para abordar los distintos procesos de patrimonializaci\u00f3n de la memoria y la relaci\u00f3n que se establece entre lo oficial y lo particular.<\/p>\n\n\n\n<p>La seremi de Ciencia, Ver\u00f3nica Vallejos, coment\u00f3 que esta instancia adem\u00e1s de rescatar la memoria de quienes vivieron el golpe en primera persona, para que sea parte del patrimonio regional y nacional, busca \u201cincentivar el desarrollo de investigaciones relacionadas a esta materia, promoviendo as\u00ed las capacidades de las humanidades, artes y ciencias sociales con una visi\u00f3n territorial. Como ministerio estamos potenciando estas disciplinas, que durante a\u00f1os han sido consideradas ciencias blandas; sin embargo, tienen la misma relevancia que las otras \u00e1reas de investigaci\u00f3n, y es importante fortalecerlas para generar saberes que permitan orientar en la toma de decisiones, as\u00ed como en la creaci\u00f3n de pol\u00edticas p\u00fablicas que sean un verdadero aporte a la sociedad y al bien com\u00fan. Queremos que todas las \u00e1reas del conocimiento est\u00e9n al servicio de las personas\u201d.<\/p>\n","protected":false},"excerpt":{"rendered":"<p>Organizado por la Seremi de Ciencia, Tecnolog\u00eda, Conocimiento e Innovaci\u00f3n (CTCI) y la Asociaci\u00f3n Cultural Nuestra Madre Grande, el conversatorio tiene como objetivo analizar desde distintas \u00e1reas del conocimiento los&#8230; <a class=\"read-more\" href=\"https:\/\/www.radiopresidenteibanez.cl\/web\/conversatorio-abordara-la-importancia-de-la-memoria-como-patrimonio-cultural-y-cientifico\/\">Leer m\u00e1s<\/a><\/p>\n","protected":false},"author":2,"featured_media":42568,"comment_status":"closed","ping_status":"closed","sticky":false,"template":"","format":"standard","meta":{"footnotes":""},"categories":[1],"tags":[],"class_list":["post-42567","post","type-post","status-publish","format-standard","has-post-thumbnail","hentry","category-cronica"],"_links":{"self":[{"href":"https:\/\/www.radiopresidenteibanez.cl\/web\/wp-json\/wp\/v2\/posts\/42567","targetHints":{"allow":["GET"]}}],"collection":[{"href":"https:\/\/www.radiopresidenteibanez.cl\/web\/wp-json\/wp\/v2\/posts"}],"about":[{"href":"https:\/\/www.radiopresidenteibanez.cl\/web\/wp-json\/wp\/v2\/types\/post"}],"author":[{"embeddable":true,"href":"https:\/\/www.radiopresidenteibanez.cl\/web\/wp-json\/wp\/v2\/users\/2"}],"replies":[{"embeddable":true,"href":"https:\/\/www.radiopresidenteibanez.cl\/web\/wp-json\/wp\/v2\/comments?post=42567"}],"version-history":[{"count":0,"href":"https:\/\/www.radiopresidenteibanez.cl\/web\/wp-json\/wp\/v2\/posts\/42567\/revisions"}],"wp:featuredmedia":[{"embeddable":true,"href":"https:\/\/www.radiopresidenteibanez.cl\/web\/wp-json\/wp\/v2\/media\/42568"}],"wp:attachment":[{"href":"https:\/\/www.radiopresidenteibanez.cl\/web\/wp-json\/wp\/v2\/media?parent=42567"}],"wp:term":[{"taxonomy":"category","embeddable":true,"href":"https:\/\/www.radiopresidenteibanez.cl\/web\/wp-json\/wp\/v2\/categories?post=42567"},{"taxonomy":"post_tag","embeddable":true,"href":"https:\/\/www.radiopresidenteibanez.cl\/web\/wp-json\/wp\/v2\/tags?post=42567"}],"curies":[{"name":"wp","href":"https:\/\/api.w.org\/{rel}","templated":true}]}}