{"id":42558,"date":"2023-09-05T12:27:00","date_gmt":"2023-09-05T15:27:00","guid":{"rendered":"https:\/\/www.radiopresidenteibanez.cl\/web\/?p=42558"},"modified":"2023-09-04T23:45:58","modified_gmt":"2023-09-05T02:45:58","slug":"todo-listo-para-el-inicio-del-evento-internacional-magallanes-vision-sostenible-acelerando-el-desarrollo-inteligente","status":"publish","type":"post","link":"https:\/\/www.radiopresidenteibanez.cl\/web\/todo-listo-para-el-inicio-del-evento-internacional-magallanes-vision-sostenible-acelerando-el-desarrollo-inteligente\/","title":{"rendered":"TODO LISTO PARA EL INICIO DEL EVENTO INTERNACIONAL \u00abMAGALLANES VISION SOSTENIBLE- ACELERANDO EL DESARROLLO INTELIGENTE\u00bb"},"content":{"rendered":"\n<p>Magallanes Visi\u00f3n Sostenible es desarrollado por Corfo Magallanes y Do! Smart City con el apoyo de Corfo. Do! Smart City ha trabajado en la creaci\u00f3n y coordinaci\u00f3n del ecosistema de ciudades inteligentes, muy necesario para la implementaci\u00f3n de cualquier proyecto transformador de ciudades. El desaf\u00edo de los organizadores ser\u00e1 coordinar y activar la participaci\u00f3n de las empresas, el mundo p\u00fablico, la academia y el ciudadano.<\/p>\n\n\n\n<p>A su vez, Do! Smart City ha implementado acciones para sensibilizar a los gobiernos locales de todo el pa\u00eds en la implementaci\u00f3n de estrategias basadas en la innovaci\u00f3n, adem\u00e1s de impulsar la oferta de m\u00e1s y mejores soluciones desde las empresas para los requerimientos que est\u00e1n teniendo las ciudades.<\/p>\n\n\n\n<p>Estar\u00e1n presentes empresas tales como Entel, Genetel, Sonda y Aerov\u00edas Dap e instituciones internacionales, entre las que se cuentan, Bilbao Urban &amp; Cities Design de Espa\u00f1a, instituto Fraunhofer y Bable de Alemania. Junto a ellas las instituciones nacionales, Centro de Inteligencia Territorial de la Universidad Adolfo Ib\u00e1\u00f1ez, Empresa Portuaria Austral (EPA), C\u00e1mara Chilena de la Construcci\u00f3n, Prochile, C\u00e1mara de Turismo \u00daltima Esperanza, la Asociaci\u00f3n Magall\u00e1nica de Empresas de Turismo (Austro Chile), Conaf y la Misi\u00f3n Econ\u00f3mica de Israel en Chile. Adem\u00e1s de actores municipales, de la academia y la sociedad civil de la regi\u00f3n.<\/p>\n\n\n\n<p><strong>Programa 1er d\u00eda del Congreso<\/strong><\/p>\n\n\n\n<p>Desde las 08:30 hrs. El evento iniciar\u00e1 con el saludo de las autoridades de la regi\u00f3n, encabezadas por el Gobernador Jorge Flies y el Delegado Presidencial, Jos\u00e9 Ruiz Pivcevic. El primer expositor ser\u00e1 Xabier Arruza, economista especializado en el dise\u00f1o de estrategias econ\u00f3micas urbanas y desarrollo de nuevos negocios, especialmente relacionados con el sector de la econom\u00eda verde quien actualmente lidera Bilbao Urban &amp; Cities Design y Basqvium.<\/p>\n\n\n\n<p>Luego vendr\u00e1n Luis Valenzuela, director del Centro de Inteligencia Territorial del Designlab en la Universidad Adolfo Ib\u00e1\u00f1ez, e investigador asociado del Centro para Estudios del Conflicto y Cohesi\u00f3n Social. con la charla: los Desaf\u00edos de la Regi\u00f3n, son oportunidades para el emprendimiento y Maximiliano Scarlan, director de Utop\u00eda Urbana, Argentina con la experiencia de empresas para la ciudad en el territorio.<\/p>\n\n\n\n<p>La jornada del Congreso finalizar\u00e1 con el bloque Puerto y Ciudades y la charla Innovaci\u00f3n en Puertos con Gadi Benmoshe conectado desde Israel. Benmoshe es director general de Marinnovators, organizaci\u00f3n que ofrece servicios de consultor\u00eda en temas de transformaci\u00f3n digital, innovaci\u00f3n y ciberseguridad a autoridades portuarias, operadores de puertos y empresas de tecnolog\u00eda mar\u00edtima. Luego cerrar\u00e1 las exposiciones, Rodrigo Pommiez, Gerente General de la EPA Austral, exponiendo la tem\u00e1tica de Puerto como acelerador de las estrategias de desarrollo de la regi\u00f3n. Cabe mencionar que habr\u00e1 dos instancias de dialogo e interacci\u00f3n del p\u00fablico con los expositores.<\/p>\n\n\n\n<p>Para estar presentes es posible inscribirse aun en&nbsp;<a>www.magallanesvisi\u00f3nsostenible<\/a>.<\/p>\n","protected":false},"excerpt":{"rendered":"<p>Magallanes Visi\u00f3n Sostenible es desarrollado por Corfo Magallanes y Do! Smart City con el apoyo de Corfo. Do! Smart City ha trabajado en la creaci\u00f3n y coordinaci\u00f3n del ecosistema de&#8230; <a class=\"read-more\" href=\"https:\/\/www.radiopresidenteibanez.cl\/web\/todo-listo-para-el-inicio-del-evento-internacional-magallanes-vision-sostenible-acelerando-el-desarrollo-inteligente\/\">Leer m\u00e1s<\/a><\/p>\n","protected":false},"author":2,"featured_media":42559,"comment_status":"closed","ping_status":"closed","sticky":false,"template":"","format":"standard","meta":{"footnotes":""},"categories":[1],"tags":[],"class_list":["post-42558","post","type-post","status-publish","format-standard","has-post-thumbnail","hentry","category-cronica"],"_links":{"self":[{"href":"https:\/\/www.radiopresidenteibanez.cl\/web\/wp-json\/wp\/v2\/posts\/42558","targetHints":{"allow":["GET"]}}],"collection":[{"href":"https:\/\/www.radiopresidenteibanez.cl\/web\/wp-json\/wp\/v2\/posts"}],"about":[{"href":"https:\/\/www.radiopresidenteibanez.cl\/web\/wp-json\/wp\/v2\/types\/post"}],"author":[{"embeddable":true,"href":"https:\/\/www.radiopresidenteibanez.cl\/web\/wp-json\/wp\/v2\/users\/2"}],"replies":[{"embeddable":true,"href":"https:\/\/www.radiopresidenteibanez.cl\/web\/wp-json\/wp\/v2\/comments?post=42558"}],"version-history":[{"count":0,"href":"https:\/\/www.radiopresidenteibanez.cl\/web\/wp-json\/wp\/v2\/posts\/42558\/revisions"}],"wp:featuredmedia":[{"embeddable":true,"href":"https:\/\/www.radiopresidenteibanez.cl\/web\/wp-json\/wp\/v2\/media\/42559"}],"wp:attachment":[{"href":"https:\/\/www.radiopresidenteibanez.cl\/web\/wp-json\/wp\/v2\/media?parent=42558"}],"wp:term":[{"taxonomy":"category","embeddable":true,"href":"https:\/\/www.radiopresidenteibanez.cl\/web\/wp-json\/wp\/v2\/categories?post=42558"},{"taxonomy":"post_tag","embeddable":true,"href":"https:\/\/www.radiopresidenteibanez.cl\/web\/wp-json\/wp\/v2\/tags?post=42558"}],"curies":[{"name":"wp","href":"https:\/\/api.w.org\/{rel}","templated":true}]}}