{"id":42555,"date":"2023-09-05T11:17:00","date_gmt":"2023-09-05T14:17:00","guid":{"rendered":"https:\/\/www.radiopresidenteibanez.cl\/web\/?p=42555"},"modified":"2023-09-04T22:39:04","modified_gmt":"2023-09-05T01:39:04","slug":"salvador-la-opera-rock-del-ex-presidente-pinochet-sera-interpretado-por-una-mujer","status":"publish","type":"post","link":"https:\/\/www.radiopresidenteibanez.cl\/web\/salvador-la-opera-rock-del-ex-presidente-pinochet-sera-interpretado-por-una-mujer\/","title":{"rendered":"\u201cSALVADOR\u201d LA OPERA ROCK DEL EX PRESIDENTE, PINOCHET SERA INTERPRETADO POR UNA MUJER"},"content":{"rendered":"\n<p>Este a\u00f1o se conmemoran 50 a\u00f1os del Golpe Militar, fecha hist\u00f3rica que no s\u00f3lo trasciende al mundo pol\u00edtico, sino que tambi\u00e9n a toda la sociedad chilena. En este aspecto, el m\u00fasico radicado en Magallanes, Ives Gull\u00e9, est\u00e1 ad-portas de lanzar el primer single de una \u00d3pera Rock dedicada a la vida de Salvador Allende, desde su juventud, hasta su muerte el 11 de septiembre de 1973.<\/p>\n\n\n\n<p>\u201cSalvador Allende debe ser uno de los personajes m\u00e1s importantes e interesantes de la historia de Chile a nivel mundial y me pareci\u00f3 una linda forma de poder retratar su vida a trav\u00e9s de la m\u00fasica. Es interesante su punto de vista social y el desarrollo que tiene su personalidad y car\u00e1cter para llegar a ser presidente de la rep\u00fablica. Todos hablan de Allende el comunista, el presidente, el compa\u00f1ero, el marxista, el suicida o el m\u00e1rtir, pero poco se habla de su carrera de doctor, de su cercan\u00eda a la muerte, de su oposici\u00f3n a la dictadura de Carlos Ib\u00e1\u00f1ez, de su trabajo y cercan\u00eda con Pedro Aguirre Cerda, entre muchas otras cosas que lo llevaron a ser querido por la gente y de c\u00f3mo quiso desarrollar una revoluci\u00f3n a trav\u00e9s de una v\u00eda pac\u00edfica. M\u00e1s all\u00e1 de ser un disco sobre Salvador Allende, este ser\u00e1 un recorrido por el siglo XX y sus hitos sociales\u201d, declara Ives Gull\u00e9 sobre el \u00e1lbum.<\/p>\n\n\n\n<p>Al igual que otras \u00f3peras rock (como es el caso de Jesucristo Superestrella), la obra musical cuenta con muchos personajes, donde destaca la figura de Augusto Pinochet, quien ser\u00e1 interpretado por una mujer, de la cual a\u00fan no se ha revelado la identidad de su int\u00e9rprete.<\/p>\n\n\n\n<p><br>Como adelanto, Ives Gull\u00e9 lanzar\u00e1 este 11 de septiembre la canci\u00f3n \u2018Triunfo\u2019: \u201cel single habla sobre la compleja victoria de Allende en la elecci\u00f3n presidencial de 1970, abarcando el \u00e1nimo cr\u00edtico de la gente, la rabia de Alessandri quien se niega a reconocer a Allende como ganador, pese a la estrecha diferencia de votos. Tambi\u00e9n se relata la activaci\u00f3n del Track II, gracias a las conversaciones de Edwards con la C.I.A., llevado a cabo por Roberto Viaux en conjunto a Patria y Libertad en un intento de ataque contra el General Ren\u00e9 Schneider y que aun as\u00ed no pudieron evitar que Allende fuera elegido como presidente de la rep\u00fablica por el Senado de Chile, para que finalmente el presidente Frei le entregue la banda presidencial\u201d, nos cuenta Gull\u00e9.<\/p>\n\n\n\n<p>Anteriormente Ives Gull\u00e9 ya ha lanzado obras hist\u00f3ricas, como es el caso de \u201cH\u00fasar\u201d, donde musicaliz\u00f3 la historia de Manuel Rodr\u00edguez y la Independencia de Chile, as\u00ed como tambi\u00e9n \u201cInvasi\u00f3n\u201d (disco que relata la llegada de los espa\u00f1oles, encabezados por Pedro de Valdivia) y \u201cKaw\u00e9sqar\u201d (\u00e1lbum que refleja la cosmovisi\u00f3n del pueblo al sur de Chile).<\/p>\n\n\n\n<p>Se espera que el \u00e1lbum \u201cSalvador\u201d sea lanzado en los pr\u00f3ximos meses y contar\u00e1 con una gran variedad de artistas que dar\u00e1n vida a una de las historias que -de seguro- ser\u00e1 de inter\u00e9s no s\u00f3lo para los chilenos, sino que tambi\u00e9n para todo el mundo.<\/p>\n\n\n\n<p>Conoce m\u00e1s sobre Ives Gull\u00e9 en sus redes sociales: @IvesGulleMusica (Instagram), IvesGulle (Facebook), @IvesGulle (Tik Tok), Spotify y todas las plataformas digitales.<\/p>\n","protected":false},"excerpt":{"rendered":"<p>Este a\u00f1o se conmemoran 50 a\u00f1os del Golpe Militar, fecha hist\u00f3rica que no s\u00f3lo trasciende al mundo pol\u00edtico, sino que tambi\u00e9n a toda la sociedad chilena. En este aspecto, el&#8230; <a class=\"read-more\" href=\"https:\/\/www.radiopresidenteibanez.cl\/web\/salvador-la-opera-rock-del-ex-presidente-pinochet-sera-interpretado-por-una-mujer\/\">Leer m\u00e1s<\/a><\/p>\n","protected":false},"author":2,"featured_media":42556,"comment_status":"closed","ping_status":"closed","sticky":false,"template":"","format":"standard","meta":{"footnotes":""},"categories":[1],"tags":[],"class_list":["post-42555","post","type-post","status-publish","format-standard","has-post-thumbnail","hentry","category-cronica"],"_links":{"self":[{"href":"https:\/\/www.radiopresidenteibanez.cl\/web\/wp-json\/wp\/v2\/posts\/42555","targetHints":{"allow":["GET"]}}],"collection":[{"href":"https:\/\/www.radiopresidenteibanez.cl\/web\/wp-json\/wp\/v2\/posts"}],"about":[{"href":"https:\/\/www.radiopresidenteibanez.cl\/web\/wp-json\/wp\/v2\/types\/post"}],"author":[{"embeddable":true,"href":"https:\/\/www.radiopresidenteibanez.cl\/web\/wp-json\/wp\/v2\/users\/2"}],"replies":[{"embeddable":true,"href":"https:\/\/www.radiopresidenteibanez.cl\/web\/wp-json\/wp\/v2\/comments?post=42555"}],"version-history":[{"count":0,"href":"https:\/\/www.radiopresidenteibanez.cl\/web\/wp-json\/wp\/v2\/posts\/42555\/revisions"}],"wp:featuredmedia":[{"embeddable":true,"href":"https:\/\/www.radiopresidenteibanez.cl\/web\/wp-json\/wp\/v2\/media\/42556"}],"wp:attachment":[{"href":"https:\/\/www.radiopresidenteibanez.cl\/web\/wp-json\/wp\/v2\/media?parent=42555"}],"wp:term":[{"taxonomy":"category","embeddable":true,"href":"https:\/\/www.radiopresidenteibanez.cl\/web\/wp-json\/wp\/v2\/categories?post=42555"},{"taxonomy":"post_tag","embeddable":true,"href":"https:\/\/www.radiopresidenteibanez.cl\/web\/wp-json\/wp\/v2\/tags?post=42555"}],"curies":[{"name":"wp","href":"https:\/\/api.w.org\/{rel}","templated":true}]}}