{"id":42546,"date":"2023-09-05T08:19:00","date_gmt":"2023-09-05T11:19:00","guid":{"rendered":"https:\/\/www.radiopresidenteibanez.cl\/web\/?p=42546"},"modified":"2023-09-04T22:24:49","modified_gmt":"2023-09-05T01:24:49","slug":"minvu-invita-a-reestablecer-el-dialogo-y-llama-a-las-bases-a-conocer-los-programas-habitacionales","status":"publish","type":"post","link":"https:\/\/www.radiopresidenteibanez.cl\/web\/minvu-invita-a-reestablecer-el-dialogo-y-llama-a-las-bases-a-conocer-los-programas-habitacionales\/","title":{"rendered":"MINVU INVITA A REESTABLECER EL DIALOGO Y LLAMA A LAS BASES A CONOCER LOS PROGRAMAS HABITACIONALES"},"content":{"rendered":"\n<p>En relaci\u00f3n a la movilizaci\u00f3n efectuada este lunes por integrantes de agrupaciones de vivienda de Punta Arenas, desde la Seremi MINVU y el Serviu regional informaron que en agosto se sostuvieron encuentros con las dirigencias de dichos grupos, tomando en conjunto el acuerdo de acompa\u00f1arlas en sus gestiones con las dos Entidades Patrocinantes activas en la comuna y llevar una agenda de reuniones peri\u00f3dicas.<\/p>\n\n\n\n<p>Es por esto que ante el desconocimiento de este acuerdo y la medida de fuerza que impidi\u00f3 el normal acceso al edificio de los Servicios P\u00fablicos, tanto de los funcionarios que all\u00ed se desempe\u00f1an como de&nbsp; usuarios que asisten a las diferentes reparticiones, es que el Seremi de Vivienda y Urbanismo, Marco Uribe Saldivia y la Directora Regional del Serviu, Mar\u00eda Luz Gajardo Salazar, invitaron a los y las representantes a retomar la v\u00eda del di\u00e1logo y el respeto.<\/p>\n\n\n\n<p>A su vez, las autoridades reiteraron la disponibilidad de llevar a cabo jornadas informativas con las bases de las organizaciones a fin de dar a conocer el detalle de los pasos que conlleva la postulaci\u00f3n colectiva al Programa Fondo Solidario de Elecci\u00f3n de Vivienda, D.S.N\u00b049 y evitar el uso pol\u00edtico del tema habitacional.<\/p>\n\n\n\n<p>\u201cHacemos un llamado a las dirigencias de cada agrupaci\u00f3n a velar por los intereses de las familias que las integran, para lo cual la v\u00eda del di\u00e1logo es la forma m\u00e1s efectiva para avanzar y despejar las dudas de sus bases, ya que al no haberse asociado hasta la fecha a una Entidad Patrocinante activa, no han recibido la orientaci\u00f3n adecuada en relaci\u00f3n al Programa D.S. N\u00b049 y nosotros estamos disponibles para ello\u201d, puntualiz\u00f3 el Seremi de Vivienda y Urbanismo, Marco Uribe Saldivia.<\/p>\n\n\n\n<p>En cuanto a la atenci\u00f3n de agrupaciones por parte de las Entidades Patrocinantes, la directora del Serviu, Mar\u00eda Luz Gajardo Salazar, inform\u00f3 \u201cEl Programa Fondo Solidario, para la adquisici\u00f3n de viviendas sin deuda est\u00e1 dirigido a familias en condici\u00f3n de vulnerabilidad y que presenten d\u00e9ficit habitacional, por lo que las Entidades Patrocinantes deben organizar las agrupaciones en funci\u00f3n de dichos factores y la cabida de los terrenos, respetando la normativa. Si una agrupaci\u00f3n elije esperar a contar con un terreno con cabida para la totalidad de sus integrantes, est\u00e1 en el leg\u00edtimo derecho de hacerlo\u201d, acot\u00f3.<\/p>\n\n\n\n<p>\u201cLamentamos que la informaci\u00f3n emanada de las Entidades Patrocinantes a las agrupaciones, haya generado malos entendidos que esperamos sean despejados. Desde el MINVU no existe ni existir\u00e1 la indicaci\u00f3n de desarmar agrupaciones, ya que las organizaciones de vivienda son aut\u00f3nomas en sus decisiones\u201d, complement\u00f3.<\/p>\n\n\n\n<p>Las autoridades indicaron que las organizaciones de vivienda vigentes pueden solicitar charlas sobre los diferentes programas habitacionales al correo&nbsp;<a href=\"mailto:serviumagallanes@minvu.cl\" target=\"_blank\" rel=\"noreferrer noopener\">serviumagallanes@minvu.cl<\/a>&nbsp;o de manera presencial en las OIRS ubicadas en Croacia N\u00b0722 Punta Arenas y Juan Ladrilleros N\u00b0516 en Natales.<\/p>\n\n\n\n<p><strong>Proyectos con terreno y Plan de Emergencia<\/strong><\/p>\n\n\n\n<p>El Seremi de Vivienda y Urbanismo indic\u00f3 que el Plan de Emergencia Habitacional y el convenio MINVU- Gobierno Regional, permitir\u00e1n atender a 3500 familias de sectores vulnerables en el periodo y tambi\u00e9n a familias de sectores medios con urgencia habitacional, a trav\u00e9s de diferentes programas, contando incluso, con la alternativa de que las propias agrupaciones busquen terrenos aptos para fines habitacionales, que pueden ser adquiridos con fondos p\u00fablicos.<\/p>\n\n\n\n<p>\u201cEl 2023 en el marco del Plan de Emergencia Habitacional otorgamos la cifra hist\u00f3rica de 1334 subsidios habitacionales para viviendas sin deuda, todos asociados a terreno. Estamos realizando un trabajo responsable en todas las comunas de la Regi\u00f3n, por tanto, invitamos a las familias a seguir los pasos que indican los Decretos que nos rigen para postular a trav\u00e9s de una Entidad Patrocinante y lograr sus objetivos\u201d, se\u00f1al\u00f3.<\/p>\n\n\n\n<p>En la capital regional, el Serviu cuenta con terrenos del Plan Urbano Habitacional con cabida para alrededor de mil viviendas y departamentos, donde se concretar\u00e1n proyectos sin deuda y otros para sectores medios. En tanto las entidades patrocinantes Ebco y Salfa Austral, cuentan con capacidad de atender a 1.400 familias en proyectos de casas y a 400 familias en proyectos de departamentos en altura, asociados al programa Fondo Solidario de Elecci\u00f3n de Vivienda.<\/p>\n","protected":false},"excerpt":{"rendered":"<p>En relaci\u00f3n a la movilizaci\u00f3n efectuada este lunes por integrantes de agrupaciones de vivienda de Punta Arenas, desde la Seremi MINVU y el Serviu regional informaron que en agosto se&#8230; <a class=\"read-more\" href=\"https:\/\/www.radiopresidenteibanez.cl\/web\/minvu-invita-a-reestablecer-el-dialogo-y-llama-a-las-bases-a-conocer-los-programas-habitacionales\/\">Leer m\u00e1s<\/a><\/p>\n","protected":false},"author":2,"featured_media":42547,"comment_status":"closed","ping_status":"closed","sticky":false,"template":"","format":"standard","meta":{"footnotes":""},"categories":[1],"tags":[],"class_list":["post-42546","post","type-post","status-publish","format-standard","has-post-thumbnail","hentry","category-cronica"],"_links":{"self":[{"href":"https:\/\/www.radiopresidenteibanez.cl\/web\/wp-json\/wp\/v2\/posts\/42546","targetHints":{"allow":["GET"]}}],"collection":[{"href":"https:\/\/www.radiopresidenteibanez.cl\/web\/wp-json\/wp\/v2\/posts"}],"about":[{"href":"https:\/\/www.radiopresidenteibanez.cl\/web\/wp-json\/wp\/v2\/types\/post"}],"author":[{"embeddable":true,"href":"https:\/\/www.radiopresidenteibanez.cl\/web\/wp-json\/wp\/v2\/users\/2"}],"replies":[{"embeddable":true,"href":"https:\/\/www.radiopresidenteibanez.cl\/web\/wp-json\/wp\/v2\/comments?post=42546"}],"version-history":[{"count":0,"href":"https:\/\/www.radiopresidenteibanez.cl\/web\/wp-json\/wp\/v2\/posts\/42546\/revisions"}],"wp:featuredmedia":[{"embeddable":true,"href":"https:\/\/www.radiopresidenteibanez.cl\/web\/wp-json\/wp\/v2\/media\/42547"}],"wp:attachment":[{"href":"https:\/\/www.radiopresidenteibanez.cl\/web\/wp-json\/wp\/v2\/media?parent=42546"}],"wp:term":[{"taxonomy":"category","embeddable":true,"href":"https:\/\/www.radiopresidenteibanez.cl\/web\/wp-json\/wp\/v2\/categories?post=42546"},{"taxonomy":"post_tag","embeddable":true,"href":"https:\/\/www.radiopresidenteibanez.cl\/web\/wp-json\/wp\/v2\/tags?post=42546"}],"curies":[{"name":"wp","href":"https:\/\/api.w.org\/{rel}","templated":true}]}}